{"id":2145,"date":"2021-02-12T11:48:47","date_gmt":"2021-02-12T10:48:47","guid":{"rendered":"http:\/\/agora.xtec.cat\/instarragona\/?p=2145"},"modified":"2021-02-12T12:11:26","modified_gmt":"2021-02-12T11:11:26","slug":"mirades-que-ens-diuen","status":"publish","type":"post","link":"https:\/\/agora.xtec.cat\/instarragona\/portada\/mirades-que-ens-diuen\/","title":{"rendered":"Les mirades, qu\u00e8 ens diuen?"},"content":{"rendered":"<p>Aquest darrer any les mascaretes han passat a ser un complement imprescindible de la nostra indument\u00e0ria.\u00a0Professorat i alumnat hem hagut d&#8217;adaptar-nos a un &#8220;nou estil&#8221; de comunicaci\u00f3. Qu\u00e8 ens diuen les mirades? I \u00e9s que tamb\u00e9 amb els ulls, sense l&#8217;\u00fas de la paraula, podem expressar admiraci\u00f3, sorpresa, desengany, desafiament, alegria, tristor&#8230; L&#8217;activitat &#8220;mirades al m\u00f3n&#8221; ens ha perm\u00e8s treballar tot aix\u00f2 i molt m\u00e9s.<\/p>\n<p>Guaiteu com tenim l&#8217;entrada del centre! A qui reconeixes?<\/p>\n<p><img loading=\"lazy\" decoding=\"async\" class=\"aligncenter wp-image-2147\" src=\"https:\/\/agora.xtec.cat\/instarragona\/wp-content\/uploads\/usu484\/2021\/02\/IMG_20210211_113800-233x300.jpg\" alt=\"\" width=\"290\" height=\"373\" srcset=\"https:\/\/agora.xtec.cat\/instarragona\/wp-content\/uploads\/usu484\/2021\/02\/IMG_20210211_113800-233x300.jpg 233w, https:\/\/agora.xtec.cat\/instarragona\/wp-content\/uploads\/usu484\/2021\/02\/IMG_20210211_113800.jpg 688w\" sizes=\"auto, (max-width: 290px) 100vw, 290px\" \/><\/p>\n<p>&nbsp;<\/p>\n<p><img loading=\"lazy\" decoding=\"async\" class=\"aligncenter wp-image-2148\" src=\"https:\/\/agora.xtec.cat\/instarragona\/wp-content\/uploads\/usu484\/2021\/02\/IMG_20210211_113720-300x215.jpg\" alt=\"\" width=\"314\" height=\"225\" srcset=\"https:\/\/agora.xtec.cat\/instarragona\/wp-content\/uploads\/usu484\/2021\/02\/IMG_20210211_113720-300x215.jpg 300w, https:\/\/agora.xtec.cat\/instarragona\/wp-content\/uploads\/usu484\/2021\/02\/IMG_20210211_113720-768x549.jpg 768w, https:\/\/agora.xtec.cat\/instarragona\/wp-content\/uploads\/usu484\/2021\/02\/IMG_20210211_113720-1024x733.jpg 1024w, https:\/\/agora.xtec.cat\/instarragona\/wp-content\/uploads\/usu484\/2021\/02\/IMG_20210211_113720.jpg 1226w\" sizes=\"auto, (max-width: 314px) 100vw, 314px\" \/><\/p>\n<p>&nbsp;<\/p>\n<p>&nbsp;<\/p>\n<p>&nbsp;<\/p>\n<p>&nbsp;<\/p>\n","protected":false},"excerpt":{"rendered":"<p>Aquest darrer any les mascaretes han passat a ser un complement imprescindible de la nostra indument\u00e0ria.\u00a0Professorat i alumnat hem hagut d&#8217;adaptar-nos a un &#8220;nou estil&#8221; de comunicaci\u00f3. Qu\u00e8 ens diuen les mirades? I \u00e9s que tamb\u00e9 amb els ulls, sense l&#8217;\u00fas de la paraula, podem&hellip;  <a href=\"https:\/\/agora.xtec.cat\/instarragona\/portada\/mirades-que-ens-diuen\/\" title=\"Read Les mirades, qu\u00e8 ens diuen?\">Llegeix m\u00e9s\u00bb<\/a><\/p>\n","protected":false},"author":1,"featured_media":2146,"comment_status":"open","ping_status":"closed","sticky":false,"template":"","format":"standard","meta":{"_bbp_topic_count":0,"_bbp_reply_count":0,"_bbp_total_topic_count":0,"_bbp_total_reply_count":0,"_bbp_voice_count":0,"_bbp_anonymous_reply_count":0,"_bbp_topic_count_hidden":0,"_bbp_reply_count_hidden":0,"_bbp_forum_subforum_count":0,"footnotes":""},"categories":[29],"tags":[],"class_list":["post-2145","post","type-post","status-publish","format-standard","has-post-thumbnail","hentry","category-portada"],"post_mailing_queue_ids":[],"_links":{"self":[{"href":"https:\/\/agora.xtec.cat\/instarragona\/wp-json\/wp\/v2\/posts\/2145","targetHints":{"allow":["GET"]}}],"collection":[{"href":"https:\/\/agora.xtec.cat\/instarragona\/wp-json\/wp\/v2\/posts"}],"about":[{"href":"https:\/\/agora.xtec.cat\/instarragona\/wp-json\/wp\/v2\/types\/post"}],"author":[{"embeddable":true,"href":"https:\/\/agora.xtec.cat\/instarragona\/wp-json\/wp\/v2\/users\/1"}],"replies":[{"embeddable":true,"href":"https:\/\/agora.xtec.cat\/instarragona\/wp-json\/wp\/v2\/comments?post=2145"}],"version-history":[{"count":3,"href":"https:\/\/agora.xtec.cat\/instarragona\/wp-json\/wp\/v2\/posts\/2145\/revisions"}],"predecessor-version":[{"id":2157,"href":"https:\/\/agora.xtec.cat\/instarragona\/wp-json\/wp\/v2\/posts\/2145\/revisions\/2157"}],"wp:featuredmedia":[{"embeddable":true,"href":"https:\/\/agora.xtec.cat\/instarragona\/wp-json\/wp\/v2\/media\/2146"}],"wp:attachment":[{"href":"https:\/\/agora.xtec.cat\/instarragona\/wp-json\/wp\/v2\/media?parent=2145"}],"wp:term":[{"taxonomy":"category","embeddable":true,"href":"https:\/\/agora.xtec.cat\/instarragona\/wp-json\/wp\/v2\/categories?post=2145"},{"taxonomy":"post_tag","embeddable":true,"href":"https:\/\/agora.xtec.cat\/instarragona\/wp-json\/wp\/v2\/tags?post=2145"}],"curies":[{"name":"wp","href":"https:\/\/api.w.org\/{rel}","templated":true}]}}