{"id":2142,"date":"2021-02-11T10:53:44","date_gmt":"2021-02-11T09:53:44","guid":{"rendered":"http:\/\/agora.xtec.cat\/instarragona\/?p=2142"},"modified":"2021-02-11T10:55:16","modified_gmt":"2021-02-11T09:55:16","slug":"teoria-del-gall","status":"publish","type":"post","link":"https:\/\/agora.xtec.cat\/instarragona\/portada\/teoria-del-gall\/","title":{"rendered":"Teoria del gall"},"content":{"rendered":"<p>El club de lectura profes s&#8217;ha trobat virtualment amb l&#8217;escriptora Margarida Aritzeta per conversar al voltant de <b><i>Teoria del gall<\/i><\/b>, la darrera novel\u00b7la negra de l&#8217;autora vallenca tan vinculada a Tarragona. Ha estat un aut\u00e8ntic plaer perqu\u00e8 la hist\u00f2ria t\u00e9 de tot: intriga, relacions familiars molt reals, paisatge conegut i pr\u00f2xim, registres de llengua propers, humor, referents literaris, cinematogr\u00e0fics, musicals&#8230; Ens hem quedat amb ganes de llegir m\u00e9s novel\u00b7les de l&#8217;autora!<\/p>\n<p>Per m\u00e9s informaci\u00f3 us enllacem el <a href=\"https:\/\/bibliotecainstarragona.blogspot.com\/2021\/02\/teoria-del-gall-de-margarida-aritzeta.html\"><strong>bloc de la Biblioteca:<\/strong><\/a>\u00a0<strong>Teoria del gall de Margarida Aritzeta<\/strong>.<\/p>\n<p><img loading=\"lazy\" decoding=\"async\" class=\"aligncenter wp-image-2143\" src=\"https:\/\/agora.xtec.cat\/instarragona\/wp-content\/uploads\/usu484\/2021\/02\/Captura-300x225.jpg\" alt=\"\" width=\"411\" height=\"308\" srcset=\"https:\/\/agora.xtec.cat\/instarragona\/wp-content\/uploads\/usu484\/2021\/02\/Captura-300x225.jpg 300w, https:\/\/agora.xtec.cat\/instarragona\/wp-content\/uploads\/usu484\/2021\/02\/Captura-768x576.jpg 768w, https:\/\/agora.xtec.cat\/instarragona\/wp-content\/uploads\/usu484\/2021\/02\/Captura-1024x768.jpg 1024w, https:\/\/agora.xtec.cat\/instarragona\/wp-content\/uploads\/usu484\/2021\/02\/Captura-200x150.jpg 200w, https:\/\/agora.xtec.cat\/instarragona\/wp-content\/uploads\/usu484\/2021\/02\/Captura.jpg 1221w\" sizes=\"auto, (max-width: 411px) 100vw, 411px\" \/><\/p>\n<p>&nbsp;<\/p>\n","protected":false},"excerpt":{"rendered":"<p>El club de lectura profes s&#8217;ha trobat virtualment amb l&#8217;escriptora Margarida Aritzeta per conversar al voltant de Teoria del gall, la darrera novel\u00b7la negra de l&#8217;autora vallenca tan vinculada a Tarragona. Ha estat un aut\u00e8ntic plaer perqu\u00e8 la hist\u00f2ria t\u00e9 de tot: intriga, relacions familiars&hellip;  <a href=\"https:\/\/agora.xtec.cat\/instarragona\/portada\/teoria-del-gall\/\" title=\"Read Teoria del gall\">Llegeix m\u00e9s\u00bb<\/a><\/p>\n","protected":false},"author":1,"featured_media":2143,"comment_status":"open","ping_status":"closed","sticky":false,"template":"","format":"standard","meta":{"_bbp_topic_count":0,"_bbp_reply_count":0,"_bbp_total_topic_count":0,"_bbp_total_reply_count":0,"_bbp_voice_count":0,"_bbp_anonymous_reply_count":0,"_bbp_topic_count_hidden":0,"_bbp_reply_count_hidden":0,"_bbp_forum_subforum_count":0,"footnotes":""},"categories":[29],"tags":[107],"class_list":["post-2142","post","type-post","status-publish","format-standard","has-post-thumbnail","hentry","category-portada","tag-biblioteca"],"post_mailing_queue_ids":[],"_links":{"self":[{"href":"https:\/\/agora.xtec.cat\/instarragona\/wp-json\/wp\/v2\/posts\/2142","targetHints":{"allow":["GET"]}}],"collection":[{"href":"https:\/\/agora.xtec.cat\/instarragona\/wp-json\/wp\/v2\/posts"}],"about":[{"href":"https:\/\/agora.xtec.cat\/instarragona\/wp-json\/wp\/v2\/types\/post"}],"author":[{"embeddable":true,"href":"https:\/\/agora.xtec.cat\/instarragona\/wp-json\/wp\/v2\/users\/1"}],"replies":[{"embeddable":true,"href":"https:\/\/agora.xtec.cat\/instarragona\/wp-json\/wp\/v2\/comments?post=2142"}],"version-history":[{"count":1,"href":"https:\/\/agora.xtec.cat\/instarragona\/wp-json\/wp\/v2\/posts\/2142\/revisions"}],"predecessor-version":[{"id":2144,"href":"https:\/\/agora.xtec.cat\/instarragona\/wp-json\/wp\/v2\/posts\/2142\/revisions\/2144"}],"wp:featuredmedia":[{"embeddable":true,"href":"https:\/\/agora.xtec.cat\/instarragona\/wp-json\/wp\/v2\/media\/2143"}],"wp:attachment":[{"href":"https:\/\/agora.xtec.cat\/instarragona\/wp-json\/wp\/v2\/media?parent=2142"}],"wp:term":[{"taxonomy":"category","embeddable":true,"href":"https:\/\/agora.xtec.cat\/instarragona\/wp-json\/wp\/v2\/categories?post=2142"},{"taxonomy":"post_tag","embeddable":true,"href":"https:\/\/agora.xtec.cat\/instarragona\/wp-json\/wp\/v2\/tags?post=2142"}],"curies":[{"name":"wp","href":"https:\/\/api.w.org\/{rel}","templated":true}]}}