{"id":2125,"date":"2021-01-28T10:53:14","date_gmt":"2021-01-28T09:53:14","guid":{"rendered":"http:\/\/agora.xtec.cat\/instarragona\/?p=2125"},"modified":"2021-01-28T10:53:14","modified_gmt":"2021-01-28T09:53:14","slug":"memoria-a-les-victimes-de-lholocaust","status":"publish","type":"post","link":"https:\/\/agora.xtec.cat\/instarragona\/portada\/memoria-a-les-victimes-de-lholocaust\/","title":{"rendered":"Mem\u00f2ria a les v\u00edctimes de l&#8217;Holocaust"},"content":{"rendered":"<p>El 27 de gener de cada any se celebra, per designaci\u00f3 de les Nacions Unides, el\u00a0<a href=\"https:\/\/es.unesco.org\/commemorations\/holocaustremembranceday\" target=\"_blank\" rel=\"noopener noreferrer\" data-saferedirecturl=\"https:\/\/www.google.com\/url?q=https:\/\/es.unesco.org\/commemorations\/holocaustremembranceday&amp;source=gmail&amp;ust=1611913513627000&amp;usg=AFQjCNG66QVI_6iZ5UQmQiqokUmtq6U_Fw\">Dia Internacional de Commemoraci\u00f3 en Mem\u00f2ria de les V\u00edctimes de l\u2019Holocaust<\/a>, un dia en qu\u00e8 es vol recordar la barb\u00e0rie de l\u2019Holocaust i retre un homenatge als milers i milers de persones assassinades en els camps d\u2019extermini per raons religioses, f\u00edsiques o ideol\u00f2giques.<\/p>\n<p>Recordem que durant el per\u00edode de la II Guerra Mundial, a banda dels jueus, tamb\u00e9 es va perseguir i matar testimonis de Jehov\u00e0, persones d\u2019\u00e8tnia gitana, homosexuals, activistes (comunistes, anarquistes,\u2026), persones de color o que tenien alguna deformaci\u00f3 f\u00edsica o ps\u00edquica. Totes eren empresonades, vexades, explotades i executades pel simple fet de ser diferents de l\u2019est\u00e0ndard ideal que els nazis anomenaven \u201cra\u00e7a \u00e0ria\u201d o defensar una ideologia diferent.<\/p>\n<p><iframe loading=\"lazy\" src=\"https:\/\/www.youtube.com\/embed\/czM-DApYfYY\" width=\"560\" height=\"315\" frameborder=\"0\"><\/iframe><\/p>\n<p>&nbsp;<\/p>\n<p>&nbsp;<\/p>\n","protected":false},"excerpt":{"rendered":"<p>El 27 de gener de cada any se celebra, per designaci\u00f3 de les Nacions Unides, el\u00a0<a href=\"https:\/\/es.unesco.org\/commemorations\/holocaustremembranceday\" target=\"_blank\" rel=\"noopener noreferrer\" data-saferedirecturl=\"https:\/\/www.google.com\/url?q=https:\/\/es.unesco.org\/commemorations\/holocaustremembranceday&amp;source=gmail&amp;ust=1611913513627000&amp;usg=AFQjCNG66QVI_6iZ5UQmQiqokUmtq6U_Fw\">Dia Internacional de Commemoraci\u00f3 en Mem\u00f2ria de les V\u00edctimes de l\u2019Holocaust<\/a>, un dia en qu\u00e8 es vol recordar la barb\u00e0rie de l\u2019Holocaust i retre un&hellip;  <a href=\"https:\/\/agora.xtec.cat\/instarragona\/portada\/memoria-a-les-victimes-de-lholocaust\/\" title=\"Read Mem\u00f2ria a les v\u00edctimes de l&#8217;Holocaust\">Llegeix m\u00e9s\u00bb<\/a><\/p>\n","protected":false},"author":1,"featured_media":2126,"comment_status":"open","ping_status":"closed","sticky":false,"template":"","format":"standard","meta":{"_bbp_topic_count":0,"_bbp_reply_count":0,"_bbp_total_topic_count":0,"_bbp_total_reply_count":0,"_bbp_voice_count":0,"_bbp_anonymous_reply_count":0,"_bbp_topic_count_hidden":0,"_bbp_reply_count_hidden":0,"_bbp_forum_subforum_count":0,"footnotes":""},"categories":[29],"tags":[],"class_list":["post-2125","post","type-post","status-publish","format-standard","has-post-thumbnail","hentry","category-portada"],"post_mailing_queue_ids":[],"_links":{"self":[{"href":"https:\/\/agora.xtec.cat\/instarragona\/wp-json\/wp\/v2\/posts\/2125","targetHints":{"allow":["GET"]}}],"collection":[{"href":"https:\/\/agora.xtec.cat\/instarragona\/wp-json\/wp\/v2\/posts"}],"about":[{"href":"https:\/\/agora.xtec.cat\/instarragona\/wp-json\/wp\/v2\/types\/post"}],"author":[{"embeddable":true,"href":"https:\/\/agora.xtec.cat\/instarragona\/wp-json\/wp\/v2\/users\/1"}],"replies":[{"embeddable":true,"href":"https:\/\/agora.xtec.cat\/instarragona\/wp-json\/wp\/v2\/comments?post=2125"}],"version-history":[{"count":1,"href":"https:\/\/agora.xtec.cat\/instarragona\/wp-json\/wp\/v2\/posts\/2125\/revisions"}],"predecessor-version":[{"id":2127,"href":"https:\/\/agora.xtec.cat\/instarragona\/wp-json\/wp\/v2\/posts\/2125\/revisions\/2127"}],"wp:featuredmedia":[{"embeddable":true,"href":"https:\/\/agora.xtec.cat\/instarragona\/wp-json\/wp\/v2\/media\/2126"}],"wp:attachment":[{"href":"https:\/\/agora.xtec.cat\/instarragona\/wp-json\/wp\/v2\/media?parent=2125"}],"wp:term":[{"taxonomy":"category","embeddable":true,"href":"https:\/\/agora.xtec.cat\/instarragona\/wp-json\/wp\/v2\/categories?post=2125"},{"taxonomy":"post_tag","embeddable":true,"href":"https:\/\/agora.xtec.cat\/instarragona\/wp-json\/wp\/v2\/tags?post=2125"}],"curies":[{"name":"wp","href":"https:\/\/api.w.org\/{rel}","templated":true}]}}