{"id":2106,"date":"2021-01-22T08:21:46","date_gmt":"2021-01-22T07:21:46","guid":{"rendered":"http:\/\/agora.xtec.cat\/instarragona\/?p=2106"},"modified":"2021-01-22T08:25:11","modified_gmt":"2021-01-22T07:25:11","slug":"sabeu-que-es-un-beachcomber","status":"publish","type":"post","link":"https:\/\/agora.xtec.cat\/instarragona\/portada\/sabeu-que-es-un-beachcomber\/","title":{"rendered":"Sabeu qu\u00e8 \u00e9s un beachcomber?"},"content":{"rendered":"<p>&#8220;<span style=\"color: #339966;\"><strong>Un\u00a0<i>beachcomber<\/i><\/strong><\/span> \u00e9s alg\u00fa que recull la brossa de les platges, per\u00f2 no fa nom\u00e9s aix\u00f2. Es torna una esp\u00e8cie de col\u00b7leccionista que s&#8217;interessa tamb\u00e9 per l&#8217;origen i per la hist\u00f2ria dels objectes que hi troba.&#8221;<\/p>\n<p>T\u00e9 molta l\u00f2gica, no trobeu? BEACH = platja i COMB = pinta, seria com dir un pentinador de platges, oi?<\/p>\n<p>Doncs b\u00e9, una pregunta: Voleu participar activament en la resoluci\u00f3 del grav\u00edssim problema del canvi clim\u00e0tic? Sabeu que podeu fer-ho? Doncs <a href=\"https:\/\/bibliotecainstarragona.blogspot.com\/2021\/01\/platicus-maritimus.html\"><b><i>Pl\u00e0sticus mar\u00edtimus<\/i><\/b><\/a> us proposa una acci\u00f3 possible i entretinguda. Feu-li una <a href=\"https:\/\/bibliotecainstarragona.blogspot.com\/2021\/01\/platicus-maritimus.html\">llegida<\/a>!<\/p>\n<p><a href=\"https:\/\/bibliotecainstarragona.blogspot.com\/2021\/01\/platicus-maritimus.html\"><img loading=\"lazy\" decoding=\"async\" class=\"aligncenter wp-image-2107\" src=\"https:\/\/agora.xtec.cat\/instarragona\/wp-content\/uploads\/usu484\/2021\/01\/Captura.png\" alt=\"\" width=\"330\" height=\"119\" \/><\/a><\/p>\n","protected":false},"excerpt":{"rendered":"<p>&#8220;Un\u00a0beachcomber \u00e9s alg\u00fa que recull la brossa de les platges, per\u00f2 no fa nom\u00e9s aix\u00f2. Es torna una esp\u00e8cie de col\u00b7leccionista que s&#8217;interessa tamb\u00e9 per l&#8217;origen i per la hist\u00f2ria dels objectes que hi troba.&#8221;<br \/>\nT\u00e9 molta l\u00f2gica, no trobeu? BEACH = platja i COMB =&hellip;  <a href=\"https:\/\/agora.xtec.cat\/instarragona\/portada\/sabeu-que-es-un-beachcomber\/\" title=\"Read Sabeu qu\u00e8 \u00e9s un beachcomber?\">Llegeix m\u00e9s\u00bb<\/a><\/p>\n","protected":false},"author":1,"featured_media":2107,"comment_status":"open","ping_status":"closed","sticky":false,"template":"","format":"standard","meta":{"_bbp_topic_count":0,"_bbp_reply_count":0,"_bbp_total_topic_count":0,"_bbp_total_reply_count":0,"_bbp_voice_count":0,"_bbp_anonymous_reply_count":0,"_bbp_topic_count_hidden":0,"_bbp_reply_count_hidden":0,"_bbp_forum_subforum_count":0,"footnotes":""},"categories":[29],"tags":[107],"class_list":["post-2106","post","type-post","status-publish","format-standard","has-post-thumbnail","hentry","category-portada","tag-biblioteca"],"post_mailing_queue_ids":[],"_links":{"self":[{"href":"https:\/\/agora.xtec.cat\/instarragona\/wp-json\/wp\/v2\/posts\/2106","targetHints":{"allow":["GET"]}}],"collection":[{"href":"https:\/\/agora.xtec.cat\/instarragona\/wp-json\/wp\/v2\/posts"}],"about":[{"href":"https:\/\/agora.xtec.cat\/instarragona\/wp-json\/wp\/v2\/types\/post"}],"author":[{"embeddable":true,"href":"https:\/\/agora.xtec.cat\/instarragona\/wp-json\/wp\/v2\/users\/1"}],"replies":[{"embeddable":true,"href":"https:\/\/agora.xtec.cat\/instarragona\/wp-json\/wp\/v2\/comments?post=2106"}],"version-history":[{"count":3,"href":"https:\/\/agora.xtec.cat\/instarragona\/wp-json\/wp\/v2\/posts\/2106\/revisions"}],"predecessor-version":[{"id":2110,"href":"https:\/\/agora.xtec.cat\/instarragona\/wp-json\/wp\/v2\/posts\/2106\/revisions\/2110"}],"wp:featuredmedia":[{"embeddable":true,"href":"https:\/\/agora.xtec.cat\/instarragona\/wp-json\/wp\/v2\/media\/2107"}],"wp:attachment":[{"href":"https:\/\/agora.xtec.cat\/instarragona\/wp-json\/wp\/v2\/media?parent=2106"}],"wp:term":[{"taxonomy":"category","embeddable":true,"href":"https:\/\/agora.xtec.cat\/instarragona\/wp-json\/wp\/v2\/categories?post=2106"},{"taxonomy":"post_tag","embeddable":true,"href":"https:\/\/agora.xtec.cat\/instarragona\/wp-json\/wp\/v2\/tags?post=2106"}],"curies":[{"name":"wp","href":"https:\/\/api.w.org\/{rel}","templated":true}]}}