{"id":2100,"date":"2021-01-13T09:24:37","date_gmt":"2021-01-13T08:24:37","guid":{"rendered":"http:\/\/agora.xtec.cat\/instarragona\/?p=2100"},"modified":"2021-01-13T09:26:42","modified_gmt":"2021-01-13T08:26:42","slug":"merry-christmas-a-global-scholars","status":"publish","type":"post","link":"https:\/\/agora.xtec.cat\/instarragona\/eso\/eso-2\/merry-christmas-a-global-scholars\/","title":{"rendered":"Merry Christmas a Global Scholars"},"content":{"rendered":"<p>Els alumnes de 2n d&#8217;ESO de <a href=\"https:\/\/www.globalcities.org\/global-scholars\">Global Scholars<\/a> van preparar unes presentacions per felicitar les festes de Nadal als seus companys internacionals de les escoles dels altres pa\u00efsos participants en el projecte. Han explicat com \u00e9s el Nadal a Tarragona, a l&#8217;escola, quines s\u00f3n les tradicions, els dies especials, etc.<\/p>\n<p>Aquest \u00e9s l&#8217;enlla\u00e7 a una de les <a href=\"https:\/\/drive.google.com\/file\/d\/1Q8UOtwvunbHDmx6Q9P2zn6n_MHgki7oE\/view\">presentacions<\/a> que ha fet l&#8217;alumna Paula F\u00faster.<\/p>\n<p><a href=\"https:\/\/drive.google.com\/file\/d\/1Q8UOtwvunbHDmx6Q9P2zn6n_MHgki7oE\/view\"><img loading=\"lazy\" decoding=\"async\" class=\"aligncenter wp-image-2101 \" src=\"https:\/\/agora.xtec.cat\/instarragona\/wp-content\/uploads\/usu484\/2021\/01\/Captura-de-pantalla-2021-01-13-092008-300x146.png\" alt=\"\" width=\"417\" height=\"203\" srcset=\"https:\/\/agora.xtec.cat\/instarragona\/wp-content\/uploads\/usu484\/2021\/01\/Captura-de-pantalla-2021-01-13-092008-300x146.png 300w, https:\/\/agora.xtec.cat\/instarragona\/wp-content\/uploads\/usu484\/2021\/01\/Captura-de-pantalla-2021-01-13-092008-768x374.png 768w, https:\/\/agora.xtec.cat\/instarragona\/wp-content\/uploads\/usu484\/2021\/01\/Captura-de-pantalla-2021-01-13-092008-1024x498.png 1024w, https:\/\/agora.xtec.cat\/instarragona\/wp-content\/uploads\/usu484\/2021\/01\/Captura-de-pantalla-2021-01-13-092008.png 1180w\" sizes=\"auto, (max-width: 417px) 100vw, 417px\" \/><\/a><\/p>\n","protected":false},"excerpt":{"rendered":"<p>Els alumnes de 2n d&#8217;ESO de <a href=\"https:\/\/www.globalcities.org\/global-scholars\">Global Scholars<\/a> van preparar unes presentacions per felicitar les festes de Nadal als seus companys internacionals de les escoles dels altres pa\u00efsos participants en el projecte. Han explicat com \u00e9s el Nadal a Tarragona, a l&#8217;escola, quines s\u00f3n&hellip;  <a href=\"https:\/\/agora.xtec.cat\/instarragona\/eso\/eso-2\/merry-christmas-a-global-scholars\/\" title=\"Read Merry Christmas a Global Scholars\">Llegeix m\u00e9s\u00bb<\/a><\/p>\n","protected":false},"author":1,"featured_media":940,"comment_status":"open","ping_status":"closed","sticky":false,"template":"","format":"standard","meta":{"_bbp_topic_count":0,"_bbp_reply_count":0,"_bbp_total_topic_count":0,"_bbp_total_reply_count":0,"_bbp_voice_count":0,"_bbp_anonymous_reply_count":0,"_bbp_topic_count_hidden":0,"_bbp_reply_count_hidden":0,"_bbp_forum_subforum_count":0,"footnotes":""},"categories":[5,29,100],"tags":[99],"class_list":["post-2100","post","type-post","status-publish","format-standard","has-post-thumbnail","hentry","category-eso-2","category-portada","category-projectes","tag-projectes"],"post_mailing_queue_ids":[],"_links":{"self":[{"href":"https:\/\/agora.xtec.cat\/instarragona\/wp-json\/wp\/v2\/posts\/2100","targetHints":{"allow":["GET"]}}],"collection":[{"href":"https:\/\/agora.xtec.cat\/instarragona\/wp-json\/wp\/v2\/posts"}],"about":[{"href":"https:\/\/agora.xtec.cat\/instarragona\/wp-json\/wp\/v2\/types\/post"}],"author":[{"embeddable":true,"href":"https:\/\/agora.xtec.cat\/instarragona\/wp-json\/wp\/v2\/users\/1"}],"replies":[{"embeddable":true,"href":"https:\/\/agora.xtec.cat\/instarragona\/wp-json\/wp\/v2\/comments?post=2100"}],"version-history":[{"count":3,"href":"https:\/\/agora.xtec.cat\/instarragona\/wp-json\/wp\/v2\/posts\/2100\/revisions"}],"predecessor-version":[{"id":2105,"href":"https:\/\/agora.xtec.cat\/instarragona\/wp-json\/wp\/v2\/posts\/2100\/revisions\/2105"}],"wp:featuredmedia":[{"embeddable":true,"href":"https:\/\/agora.xtec.cat\/instarragona\/wp-json\/wp\/v2\/media\/940"}],"wp:attachment":[{"href":"https:\/\/agora.xtec.cat\/instarragona\/wp-json\/wp\/v2\/media?parent=2100"}],"wp:term":[{"taxonomy":"category","embeddable":true,"href":"https:\/\/agora.xtec.cat\/instarragona\/wp-json\/wp\/v2\/categories?post=2100"},{"taxonomy":"post_tag","embeddable":true,"href":"https:\/\/agora.xtec.cat\/instarragona\/wp-json\/wp\/v2\/tags?post=2100"}],"curies":[{"name":"wp","href":"https:\/\/api.w.org\/{rel}","templated":true}]}}