{"id":2083,"date":"2020-12-21T17:45:38","date_gmt":"2020-12-21T16:45:38","guid":{"rendered":"http:\/\/agora.xtec.cat\/instarragona\/?p=2083"},"modified":"2020-12-21T17:48:08","modified_gmt":"2020-12-21T16:48:08","slug":"larbre-de-la-siei","status":"publish","type":"post","link":"https:\/\/agora.xtec.cat\/instarragona\/portada\/larbre-de-la-siei\/","title":{"rendered":"L&#8217;arbre de la SIEI"},"content":{"rendered":"<p>L&#8217;alumnat de la SIEI ha dissenyat aquest fant\u00e0stic arbre de Nadal que decorar\u00e0 el nostre vest\u00edbul durant les festes de Nadal.\u00a0Gr\u00e0cies nois, noies, ens agrada molt\u00edssim!<\/p>\n<p><img loading=\"lazy\" decoding=\"async\" class=\"wp-image-2084 alignleft\" src=\"https:\/\/agora.xtec.cat\/instarragona\/wp-content\/uploads\/usu484\/2020\/12\/IMG_20201217_114944-186x300.jpg\" alt=\"\" width=\"213\" height=\"343\" srcset=\"https:\/\/agora.xtec.cat\/instarragona\/wp-content\/uploads\/usu484\/2020\/12\/IMG_20201217_114944-186x300.jpg 186w, https:\/\/agora.xtec.cat\/instarragona\/wp-content\/uploads\/usu484\/2020\/12\/IMG_20201217_114944-768x1241.jpg 768w, https:\/\/agora.xtec.cat\/instarragona\/wp-content\/uploads\/usu484\/2020\/12\/IMG_20201217_114944-634x1024.jpg 634w, https:\/\/agora.xtec.cat\/instarragona\/wp-content\/uploads\/usu484\/2020\/12\/IMG_20201217_114944.jpg 1157w\" sizes=\"auto, (max-width: 213px) 100vw, 213px\" \/><\/p>\n<p><img loading=\"lazy\" decoding=\"async\" class=\"aligncenter wp-image-2085\" src=\"https:\/\/agora.xtec.cat\/instarragona\/wp-content\/uploads\/usu484\/2020\/12\/Captura-1-300x204.jpg\" alt=\"\" width=\"400\" height=\"272\" srcset=\"https:\/\/agora.xtec.cat\/instarragona\/wp-content\/uploads\/usu484\/2020\/12\/Captura-1-300x204.jpg 300w, https:\/\/agora.xtec.cat\/instarragona\/wp-content\/uploads\/usu484\/2020\/12\/Captura-1-768x523.jpg 768w, https:\/\/agora.xtec.cat\/instarragona\/wp-content\/uploads\/usu484\/2020\/12\/Captura-1.jpg 817w\" sizes=\"auto, (max-width: 400px) 100vw, 400px\" \/><\/p>\n<p><img loading=\"lazy\" decoding=\"async\" class=\"aligncenter wp-image-2086\" src=\"https:\/\/agora.xtec.cat\/instarragona\/wp-content\/uploads\/usu484\/2020\/12\/Captura2-300x209.jpg\" alt=\"\" width=\"398\" height=\"278\" srcset=\"https:\/\/agora.xtec.cat\/instarragona\/wp-content\/uploads\/usu484\/2020\/12\/Captura2-300x209.jpg 300w, https:\/\/agora.xtec.cat\/instarragona\/wp-content\/uploads\/usu484\/2020\/12\/Captura2-768x536.jpg 768w, https:\/\/agora.xtec.cat\/instarragona\/wp-content\/uploads\/usu484\/2020\/12\/Captura2.jpg 816w\" sizes=\"auto, (max-width: 398px) 100vw, 398px\" \/><\/p>\n","protected":false},"excerpt":{"rendered":"<p>L&#8217;alumnat de la SIEI ha dissenyat aquest fant\u00e0stic arbre de Nadal que decorar\u00e0 el nostre vest\u00edbul durant les festes de Nadal.\u00a0Gr\u00e0cies nois, noies, ens agrada molt\u00edssim!<\/p>\n","protected":false},"author":1,"featured_media":2084,"comment_status":"open","ping_status":"closed","sticky":false,"template":"","format":"standard","meta":{"_bbp_topic_count":0,"_bbp_reply_count":0,"_bbp_total_topic_count":0,"_bbp_total_reply_count":0,"_bbp_voice_count":0,"_bbp_anonymous_reply_count":0,"_bbp_topic_count_hidden":0,"_bbp_reply_count_hidden":0,"_bbp_forum_subforum_count":0,"footnotes":""},"categories":[29],"tags":[122],"class_list":["post-2083","post","type-post","status-publish","format-standard","has-post-thumbnail","hentry","category-portada","tag-siei"],"post_mailing_queue_ids":[],"_links":{"self":[{"href":"https:\/\/agora.xtec.cat\/instarragona\/wp-json\/wp\/v2\/posts\/2083","targetHints":{"allow":["GET"]}}],"collection":[{"href":"https:\/\/agora.xtec.cat\/instarragona\/wp-json\/wp\/v2\/posts"}],"about":[{"href":"https:\/\/agora.xtec.cat\/instarragona\/wp-json\/wp\/v2\/types\/post"}],"author":[{"embeddable":true,"href":"https:\/\/agora.xtec.cat\/instarragona\/wp-json\/wp\/v2\/users\/1"}],"replies":[{"embeddable":true,"href":"https:\/\/agora.xtec.cat\/instarragona\/wp-json\/wp\/v2\/comments?post=2083"}],"version-history":[{"count":3,"href":"https:\/\/agora.xtec.cat\/instarragona\/wp-json\/wp\/v2\/posts\/2083\/revisions"}],"predecessor-version":[{"id":2089,"href":"https:\/\/agora.xtec.cat\/instarragona\/wp-json\/wp\/v2\/posts\/2083\/revisions\/2089"}],"wp:featuredmedia":[{"embeddable":true,"href":"https:\/\/agora.xtec.cat\/instarragona\/wp-json\/wp\/v2\/media\/2084"}],"wp:attachment":[{"href":"https:\/\/agora.xtec.cat\/instarragona\/wp-json\/wp\/v2\/media?parent=2083"}],"wp:term":[{"taxonomy":"category","embeddable":true,"href":"https:\/\/agora.xtec.cat\/instarragona\/wp-json\/wp\/v2\/categories?post=2083"},{"taxonomy":"post_tag","embeddable":true,"href":"https:\/\/agora.xtec.cat\/instarragona\/wp-json\/wp\/v2\/tags?post=2083"}],"curies":[{"name":"wp","href":"https:\/\/api.w.org\/{rel}","templated":true}]}}