{"id":2051,"date":"2020-12-18T08:34:34","date_gmt":"2020-12-18T07:34:34","guid":{"rendered":"http:\/\/agora.xtec.cat\/instarragona\/?p=2051"},"modified":"2020-12-21T17:53:21","modified_gmt":"2020-12-21T16:53:21","slug":"felic-aniversari-beethoven","status":"publish","type":"post","link":"https:\/\/agora.xtec.cat\/instarragona\/portada\/felic-aniversari-beethoven\/","title":{"rendered":"Feli\u00e7 aniversari, Beethoven!"},"content":{"rendered":"<div><\/div>\n<div><\/div>\n<div><\/div>\n<p><img decoding=\"async\" class=\"CToWUd\" src=\"https:\/\/mail.google.com\/mail\/e\/1f6a9\" alt=\"\ud83d\udea9\" data-goomoji=\"1f6a9\" data-image-whitelisted=\"\" \/> Aquesta setmana, concretament el dia16 de desembre, hem celebrat el 250\u00e8 aniversari del naixement de <span style=\"color: #008000;\"><strong>Ludwig van Beethoven (1770-1827)<\/strong><\/span>, un dels compositors m\u00e9s representatius de la m\u00fasica occidental.<\/p>\n<p>Des del departament de m\u00fasica hem treballat el personatge en diferents activitats:<\/p>\n<ul>\n<li>cartells commemoratius <img loading=\"lazy\" decoding=\"async\" class=\"CToWUd\" src=\"https:\/\/mail.google.com\/mail\/e\/1f3b5\" alt=\"\ud83c\udfb5\" width=\"28\" height=\"28\" data-goomoji=\"1f3b5\" data-image-whitelisted=\"\" \/>,<\/li>\n<li>perfil de <strong><span style=\"color: #3366ff;\">twitter @beethoven_250e<\/span><\/strong>,<\/li>\n<li>interpretaci\u00f3 musical\u00a0<img loading=\"lazy\" decoding=\"async\" class=\"CToWUd\" src=\"https:\/\/mail.google.com\/mail\/e\/1f3b9\" alt=\"\ud83c\udfb9\" width=\"25\" height=\"25\" data-goomoji=\"1f3b9\" data-image-whitelisted=\"\" \/>\u00a0de les seves grans obres.<\/li>\n<\/ul>\n<div>Els alumnes han pogut con\u00e8ixer de prop aquest gran compositor\u00a0determinant en l\u2019evoluci\u00f3 de la m\u00fasica.<\/div>\n<div><\/div>\n<div><\/div>\n<div><\/div>\n<div>\n<table>\n<tbody>\n<tr>\n<td><img loading=\"lazy\" decoding=\"async\" class=\"aligncenter wp-image-2062\" src=\"https:\/\/agora.xtec.cat\/instarragona\/wp-content\/uploads\/usu484\/2020\/12\/IMG_6280-150x150.jpg\" alt=\"\" width=\"146\" height=\"146\" \/><\/td>\n<td><img loading=\"lazy\" decoding=\"async\" class=\"aligncenter wp-image-2061\" src=\"https:\/\/agora.xtec.cat\/instarragona\/wp-content\/uploads\/usu484\/2020\/12\/IMG_6279-150x150.jpg\" alt=\"\" width=\"147\" height=\"147\" \/><\/td>\n<td><img loading=\"lazy\" decoding=\"async\" class=\"aligncenter size-thumbnail wp-image-2060\" src=\"https:\/\/agora.xtec.cat\/instarragona\/wp-content\/uploads\/usu484\/2020\/12\/IMG_6277-150x150.jpg\" alt=\"\" width=\"150\" height=\"150\" \/><\/td>\n<td><img loading=\"lazy\" decoding=\"async\" class=\"aligncenter size-thumbnail wp-image-2059\" src=\"https:\/\/agora.xtec.cat\/instarragona\/wp-content\/uploads\/usu484\/2020\/12\/IMG_6276-150x150.jpg\" alt=\"\" width=\"150\" height=\"150\" \/><\/td>\n<td><img loading=\"lazy\" decoding=\"async\" class=\"aligncenter size-thumbnail wp-image-2058\" src=\"https:\/\/agora.xtec.cat\/instarragona\/wp-content\/uploads\/usu484\/2020\/12\/IMG_6275-150x150.jpg\" alt=\"\" width=\"150\" height=\"150\" \/><\/td>\n<\/tr>\n<tr>\n<td><img loading=\"lazy\" decoding=\"async\" class=\"aligncenter size-thumbnail wp-image-2057\" src=\"https:\/\/agora.xtec.cat\/instarragona\/wp-content\/uploads\/usu484\/2020\/12\/IMG_6274-150x150.jpg\" alt=\"\" width=\"150\" height=\"150\" \/><\/td>\n<td><img loading=\"lazy\" decoding=\"async\" class=\"aligncenter size-thumbnail wp-image-2056\" src=\"https:\/\/agora.xtec.cat\/instarragona\/wp-content\/uploads\/usu484\/2020\/12\/IMG_6273-150x150.jpg\" alt=\"\" width=\"150\" height=\"150\" \/><\/td>\n<td><img loading=\"lazy\" decoding=\"async\" class=\"aligncenter size-thumbnail wp-image-2055\" src=\"https:\/\/agora.xtec.cat\/instarragona\/wp-content\/uploads\/usu484\/2020\/12\/IMG_6272-150x150.jpg\" alt=\"\" width=\"150\" height=\"150\" \/><\/td>\n<td><img loading=\"lazy\" decoding=\"async\" class=\"aligncenter size-thumbnail wp-image-2054\" src=\"https:\/\/agora.xtec.cat\/instarragona\/wp-content\/uploads\/usu484\/2020\/12\/IMG_6271-150x150.jpg\" alt=\"\" width=\"150\" height=\"150\" \/><\/td>\n<td><img loading=\"lazy\" decoding=\"async\" class=\"aligncenter size-thumbnail wp-image-2053\" src=\"https:\/\/agora.xtec.cat\/instarragona\/wp-content\/uploads\/usu484\/2020\/12\/IMG_6270-150x150.jpg\" alt=\"\" width=\"150\" height=\"150\" \/><\/td>\n<\/tr>\n<\/tbody>\n<\/table>\n<\/div>\n<div><\/div>\n<div><\/div>\n<div><\/div>\n<div><\/div>\n<div><\/div>\n","protected":false},"excerpt":{"rendered":"<p> Aquesta setmana, concretament el dia16 de desembre, hem celebrat el 250\u00e8 aniversari del naixement de Ludwig van Beethoven (1770-1827), un dels compositors m\u00e9s representatius de la m\u00fasica occidental.<br \/>\nDes del departament de m\u00fasica hem treballat el personatge en diferents activitats:<\/p>\n<ul>\n<li>cartells commemoratius ,<\/li>\n<li>perfil de twitter @beethoven_250e,<\/li>\n<li>interpretaci\u00f3&hellip;  <a href=\"https:\/\/agora.xtec.cat\/instarragona\/portada\/felic-aniversari-beethoven\/\" title=\"Read Feli\u00e7 aniversari, Beethoven!\">Llegeix m\u00e9s\u00bb<\/a><br \/>\n","protected":false},"author":1,"featured_media":2053,"comment_status":"open","ping_status":"closed","sticky":false,"template":"","format":"standard","meta":{"_bbp_topic_count":0,"_bbp_reply_count":0,"_bbp_total_topic_count":0,"_bbp_total_reply_count":0,"_bbp_voice_count":0,"_bbp_anonymous_reply_count":0,"_bbp_topic_count_hidden":0,"_bbp_reply_count_hidden":0,"_bbp_forum_subforum_count":0,"footnotes":""},"categories":[29],"tags":[111],"class_list":["post-2051","post","type-post","status-publish","format-standard","has-post-thumbnail","hentry","category-portada","tag-musica"],"post_mailing_queue_ids":[],"_links":{"self":[{"href":"https:\/\/agora.xtec.cat\/instarragona\/wp-json\/wp\/v2\/posts\/2051","targetHints":{"allow":["GET"]}}],"collection":[{"href":"https:\/\/agora.xtec.cat\/instarragona\/wp-json\/wp\/v2\/posts"}],"about":[{"href":"https:\/\/agora.xtec.cat\/instarragona\/wp-json\/wp\/v2\/types\/post"}],"author":[{"embeddable":true,"href":"https:\/\/agora.xtec.cat\/instarragona\/wp-json\/wp\/v2\/users\/1"}],"replies":[{"embeddable":true,"href":"https:\/\/agora.xtec.cat\/instarragona\/wp-json\/wp\/v2\/comments?post=2051"}],"version-history":[{"count":3,"href":"https:\/\/agora.xtec.cat\/instarragona\/wp-json\/wp\/v2\/posts\/2051\/revisions"}],"predecessor-version":[{"id":2090,"href":"https:\/\/agora.xtec.cat\/instarragona\/wp-json\/wp\/v2\/posts\/2051\/revisions\/2090"}],"wp:featuredmedia":[{"embeddable":true,"href":"https:\/\/agora.xtec.cat\/instarragona\/wp-json\/wp\/v2\/media\/2053"}],"wp:attachment":[{"href":"https:\/\/agora.xtec.cat\/instarragona\/wp-json\/wp\/v2\/media?parent=2051"}],"wp:term":[{"taxonomy":"category","embeddable":true,"href":"https:\/\/agora.xtec.cat\/instarragona\/wp-json\/wp\/v2\/categories?post=2051"},{"taxonomy":"post_tag","embeddable":true,"href":"https:\/\/agora.xtec.cat\/instarragona\/wp-json\/wp\/v2\/tags?post=2051"}],"curies":[{"name":"wp","href":"https:\/\/api.w.org\/{rel}","templated":true}]}}