{"id":2027,"date":"2020-12-11T18:20:17","date_gmt":"2020-12-11T17:20:17","guid":{"rendered":"http:\/\/agora.xtec.cat\/instarragona\/?p=2027"},"modified":"2020-12-11T18:20:46","modified_gmt":"2020-12-11T17:20:46","slug":"corre-que-ve-lesprint","status":"publish","type":"post","link":"https:\/\/agora.xtec.cat\/instarragona\/eso\/eso-3\/corre-que-ve-lesprint\/","title":{"rendered":"Corre que ve l&#8217;Esprint!"},"content":{"rendered":"<p>Aquesta setmana un grup d&#8217;alumnes de 3r i 4t d&#8217;ESO han participat als Problemes a l&#8217;Esprint. \u00c9s una activitat en l\u00ednia adre\u00e7ada a equips de centre organitzats.<\/p>\n<p>La denominaci\u00f3 de &#8220;a l&#8217;esprint&#8221; prov\u00e9 del fet que el centre guanyador \u00e9s el primer que envia totes les solucions correctes a les q\u00fcestions de matem\u00e0tiques que es plantegen.<\/p>\n<p>Ha estat una estona for\u00e7a entretinguda amb alguns problemes de certa dificultat.<br \/>\nA veure com ens haur\u00e0 anat!<\/p>\n<p><img loading=\"lazy\" decoding=\"async\" class=\"aligncenter size-large wp-image-2028\" src=\"https:\/\/agora.xtec.cat\/instarragona\/wp-content\/uploads\/usu484\/2020\/12\/Captura-de-pantalla-2020-12-11-181723-1024x726.png\" alt=\"\" width=\"1024\" height=\"726\" srcset=\"https:\/\/agora.xtec.cat\/instarragona\/wp-content\/uploads\/usu484\/2020\/12\/Captura-de-pantalla-2020-12-11-181723-1024x726.png 1024w, https:\/\/agora.xtec.cat\/instarragona\/wp-content\/uploads\/usu484\/2020\/12\/Captura-de-pantalla-2020-12-11-181723-300x213.png 300w, https:\/\/agora.xtec.cat\/instarragona\/wp-content\/uploads\/usu484\/2020\/12\/Captura-de-pantalla-2020-12-11-181723-768x545.png 768w, https:\/\/agora.xtec.cat\/instarragona\/wp-content\/uploads\/usu484\/2020\/12\/Captura-de-pantalla-2020-12-11-181723.png 1038w\" sizes=\"auto, (max-width: 1024px) 100vw, 1024px\" \/><\/p>\n<p><img loading=\"lazy\" decoding=\"async\" class=\"aligncenter size-full wp-image-2029\" src=\"https:\/\/agora.xtec.cat\/instarragona\/wp-content\/uploads\/usu484\/2020\/12\/Captura-de-pantalla-2020-12-11-181756.png\" alt=\"\" width=\"1021\" height=\"727\" srcset=\"https:\/\/agora.xtec.cat\/instarragona\/wp-content\/uploads\/usu484\/2020\/12\/Captura-de-pantalla-2020-12-11-181756.png 1021w, https:\/\/agora.xtec.cat\/instarragona\/wp-content\/uploads\/usu484\/2020\/12\/Captura-de-pantalla-2020-12-11-181756-300x214.png 300w, https:\/\/agora.xtec.cat\/instarragona\/wp-content\/uploads\/usu484\/2020\/12\/Captura-de-pantalla-2020-12-11-181756-768x547.png 768w\" sizes=\"auto, (max-width: 1021px) 100vw, 1021px\" \/><\/p>\n","protected":false},"excerpt":{"rendered":"<p>Aquesta setmana un grup d&#8217;alumnes de 3r i 4t d&#8217;ESO han participat als Problemes a l&#8217;Esprint. \u00c9s una activitat en l\u00ednia adre\u00e7ada a equips de centre organitzats.<br \/>\nLa denominaci\u00f3 de &#8220;a l&#8217;esprint&#8221; prov\u00e9 del fet que el centre guanyador \u00e9s el primer que envia totes les&hellip;  <a href=\"https:\/\/agora.xtec.cat\/instarragona\/eso\/eso-3\/corre-que-ve-lesprint\/\" title=\"Read Corre que ve l&#8217;Esprint!\">Llegeix m\u00e9s\u00bb<\/a><\/p>\n","protected":false},"author":1,"featured_media":2028,"comment_status":"open","ping_status":"closed","sticky":false,"template":"","format":"standard","meta":{"_bbp_topic_count":0,"_bbp_reply_count":0,"_bbp_total_topic_count":0,"_bbp_total_reply_count":0,"_bbp_voice_count":0,"_bbp_anonymous_reply_count":0,"_bbp_topic_count_hidden":0,"_bbp_reply_count_hidden":0,"_bbp_forum_subforum_count":0,"footnotes":""},"categories":[6,29],"tags":[104,41],"class_list":["post-2027","post","type-post","status-publish","format-standard","has-post-thumbnail","hentry","category-eso-3","category-portada","tag-concursos","tag-matematiques"],"post_mailing_queue_ids":[],"_links":{"self":[{"href":"https:\/\/agora.xtec.cat\/instarragona\/wp-json\/wp\/v2\/posts\/2027","targetHints":{"allow":["GET"]}}],"collection":[{"href":"https:\/\/agora.xtec.cat\/instarragona\/wp-json\/wp\/v2\/posts"}],"about":[{"href":"https:\/\/agora.xtec.cat\/instarragona\/wp-json\/wp\/v2\/types\/post"}],"author":[{"embeddable":true,"href":"https:\/\/agora.xtec.cat\/instarragona\/wp-json\/wp\/v2\/users\/1"}],"replies":[{"embeddable":true,"href":"https:\/\/agora.xtec.cat\/instarragona\/wp-json\/wp\/v2\/comments?post=2027"}],"version-history":[{"count":1,"href":"https:\/\/agora.xtec.cat\/instarragona\/wp-json\/wp\/v2\/posts\/2027\/revisions"}],"predecessor-version":[{"id":2030,"href":"https:\/\/agora.xtec.cat\/instarragona\/wp-json\/wp\/v2\/posts\/2027\/revisions\/2030"}],"wp:featuredmedia":[{"embeddable":true,"href":"https:\/\/agora.xtec.cat\/instarragona\/wp-json\/wp\/v2\/media\/2028"}],"wp:attachment":[{"href":"https:\/\/agora.xtec.cat\/instarragona\/wp-json\/wp\/v2\/media?parent=2027"}],"wp:term":[{"taxonomy":"category","embeddable":true,"href":"https:\/\/agora.xtec.cat\/instarragona\/wp-json\/wp\/v2\/categories?post=2027"},{"taxonomy":"post_tag","embeddable":true,"href":"https:\/\/agora.xtec.cat\/instarragona\/wp-json\/wp\/v2\/tags?post=2027"}],"curies":[{"name":"wp","href":"https:\/\/api.w.org\/{rel}","templated":true}]}}