{"id":2002,"date":"2020-12-01T12:48:22","date_gmt":"2020-12-01T11:48:22","guid":{"rendered":"http:\/\/agora.xtec.cat\/instarragona\/?p=2002"},"modified":"2020-12-04T11:53:35","modified_gmt":"2020-12-04T10:53:35","slug":"llegir-per-no-ser-esclaus","status":"publish","type":"post","link":"https:\/\/agora.xtec.cat\/instarragona\/portada\/llegir-per-no-ser-esclaus\/","title":{"rendered":"Llegir per no ser esclaus"},"content":{"rendered":"<p>A la biblioteca som fans de <span style=\"color: #3366ff;\"><strong><a style=\"color: #3366ff;\" href=\"https:\/\/genius.diba.cat\/rodari\">GIANNI RODARI,<\/a><\/strong><\/span> tant, <span style=\"color: #3366ff;\"><span style=\"color: #000000;\">que li hem dedicat un p\u00f3ster. <\/span><\/span><\/p>\n<p><span style=\"color: #3366ff;\"><span style=\"color: #000000;\">Ens encanta!<\/span><\/span><\/p>\n<p><img loading=\"lazy\" decoding=\"async\" class=\"wp-image-2005 alignleft\" src=\"https:\/\/agora.xtec.cat\/instarragona\/wp-content\/uploads\/usu484\/2020\/12\/IMG_20201201_124016.jpg\" alt=\"\" width=\"421\" height=\"577\" srcset=\"https:\/\/agora.xtec.cat\/instarragona\/wp-content\/uploads\/usu484\/2020\/12\/IMG_20201201_124016.jpg 350w, https:\/\/agora.xtec.cat\/instarragona\/wp-content\/uploads\/usu484\/2020\/12\/IMG_20201201_124016-219x300.jpg 219w\" sizes=\"auto, (max-width: 421px) 100vw, 421px\" \/><\/p>\n<p>Gianni Rodari va ser una persona polifac\u00e8tica: periodista, escriptor, pedagog, militant pol\u00edtic i mestre. En tots aquest camps Rodari estimulava la imaginaci\u00f3 dels m\u00e9s petits i dels no tant petits i a trav\u00e9s dels seus llibres i confer\u00e8ncies transmetia aquests sabers als docents. Rodari era partidari del joc i la rialla abans que del c\u00e0stig o l&#8217;enuig com a manera de treball a l&#8217;aula. Que sigui sempre un far per a nosaltres, els adults!<\/p>\n<p><img loading=\"lazy\" decoding=\"async\" class=\"aligncenter wp-image-2004\" src=\"https:\/\/agora.xtec.cat\/instarragona\/wp-content\/uploads\/usu484\/2020\/12\/Gianni-Rodari-1.jpg\" alt=\"\" width=\"550\" height=\"476\" srcset=\"https:\/\/agora.xtec.cat\/instarragona\/wp-content\/uploads\/usu484\/2020\/12\/Gianni-Rodari-1.jpg 768w, https:\/\/agora.xtec.cat\/instarragona\/wp-content\/uploads\/usu484\/2020\/12\/Gianni-Rodari-1-300x260.jpg 300w\" sizes=\"auto, (max-width: 550px) 100vw, 550px\" \/><\/p>\n<p>&nbsp;<\/p>\n","protected":false},"excerpt":{"rendered":"<p>A la biblioteca som fans de <a style=\"color: #3366ff;\" href=\"https:\/\/genius.diba.cat\/rodari\">GIANNI RODARI,<\/a> tant, que li hem dedicat un p\u00f3ster.<br \/>\nEns encanta!<\/p>\n<p>Gianni Rodari va ser una persona polifac\u00e8tica: periodista, escriptor, pedagog, militant pol\u00edtic i mestre. En tots aquest camps Rodari estimulava la imaginaci\u00f3 dels m\u00e9s petits i&hellip;  <a href=\"https:\/\/agora.xtec.cat\/instarragona\/portada\/llegir-per-no-ser-esclaus\/\" title=\"Read Llegir per no ser esclaus\">Llegeix m\u00e9s\u00bb<\/a><\/p>\n","protected":false},"author":1,"featured_media":2003,"comment_status":"open","ping_status":"closed","sticky":false,"template":"","format":"standard","meta":{"_bbp_topic_count":0,"_bbp_reply_count":0,"_bbp_total_topic_count":0,"_bbp_total_reply_count":0,"_bbp_voice_count":0,"_bbp_anonymous_reply_count":0,"_bbp_topic_count_hidden":0,"_bbp_reply_count_hidden":0,"_bbp_forum_subforum_count":0,"footnotes":""},"categories":[29],"tags":[107],"class_list":["post-2002","post","type-post","status-publish","format-standard","has-post-thumbnail","hentry","category-portada","tag-biblioteca"],"post_mailing_queue_ids":[],"_links":{"self":[{"href":"https:\/\/agora.xtec.cat\/instarragona\/wp-json\/wp\/v2\/posts\/2002","targetHints":{"allow":["GET"]}}],"collection":[{"href":"https:\/\/agora.xtec.cat\/instarragona\/wp-json\/wp\/v2\/posts"}],"about":[{"href":"https:\/\/agora.xtec.cat\/instarragona\/wp-json\/wp\/v2\/types\/post"}],"author":[{"embeddable":true,"href":"https:\/\/agora.xtec.cat\/instarragona\/wp-json\/wp\/v2\/users\/1"}],"replies":[{"embeddable":true,"href":"https:\/\/agora.xtec.cat\/instarragona\/wp-json\/wp\/v2\/comments?post=2002"}],"version-history":[{"count":3,"href":"https:\/\/agora.xtec.cat\/instarragona\/wp-json\/wp\/v2\/posts\/2002\/revisions"}],"predecessor-version":[{"id":2023,"href":"https:\/\/agora.xtec.cat\/instarragona\/wp-json\/wp\/v2\/posts\/2002\/revisions\/2023"}],"wp:featuredmedia":[{"embeddable":true,"href":"https:\/\/agora.xtec.cat\/instarragona\/wp-json\/wp\/v2\/media\/2003"}],"wp:attachment":[{"href":"https:\/\/agora.xtec.cat\/instarragona\/wp-json\/wp\/v2\/media?parent=2002"}],"wp:term":[{"taxonomy":"category","embeddable":true,"href":"https:\/\/agora.xtec.cat\/instarragona\/wp-json\/wp\/v2\/categories?post=2002"},{"taxonomy":"post_tag","embeddable":true,"href":"https:\/\/agora.xtec.cat\/instarragona\/wp-json\/wp\/v2\/tags?post=2002"}],"curies":[{"name":"wp","href":"https:\/\/api.w.org\/{rel}","templated":true}]}}