{"id":1993,"date":"2020-11-26T12:30:16","date_gmt":"2020-11-26T11:30:16","guid":{"rendered":"http:\/\/agora.xtec.cat\/instarragona\/?p=1993"},"modified":"2020-11-26T13:43:59","modified_gmt":"2020-11-26T12:43:59","slug":"25n-respecta","status":"publish","type":"post","link":"https:\/\/agora.xtec.cat\/instarragona\/eso\/eso-3\/25n-respecta\/","title":{"rendered":"25N &#8211; Respecta!"},"content":{"rendered":"<p>En motiu del dia Internacional de l\u2019<strong><span style=\"color: #008000;\">Eliminaci\u00f3 de la Viol\u00e8ncia contra la Dona <\/span><\/strong><span style=\"color: #000000;\">els alumnes de 3r d&#8217;ESO han pogut\u00a0 gaudir de la furgoneta m\u00f2bil que participa en la campanya &#8220;<span style=\"color: #008000;\">Respecta<\/span>&#8221; organitzada des de la Conselleria de Feminismes i LGTBQ de l&#8217;Ajuntament de Tarragona.<\/span><\/p>\n<p>La campanya treballa per la prevenci\u00f3 de conductes sexistes en l&#8217;oci nocturn i per establir uns codis de comportament respectuosos i igualitaris.<\/p>\n<p><img loading=\"lazy\" decoding=\"async\" class=\"aligncenter size-large wp-image-1994\" src=\"https:\/\/agora.xtec.cat\/instarragona\/wp-content\/uploads\/usu484\/2020\/11\/IMG-20201126-WA0006-1024x768.jpg\" alt=\"\" width=\"1024\" height=\"768\" srcset=\"https:\/\/agora.xtec.cat\/instarragona\/wp-content\/uploads\/usu484\/2020\/11\/IMG-20201126-WA0006-1024x768.jpg 1024w, https:\/\/agora.xtec.cat\/instarragona\/wp-content\/uploads\/usu484\/2020\/11\/IMG-20201126-WA0006-300x225.jpg 300w, https:\/\/agora.xtec.cat\/instarragona\/wp-content\/uploads\/usu484\/2020\/11\/IMG-20201126-WA0006-768x576.jpg 768w, https:\/\/agora.xtec.cat\/instarragona\/wp-content\/uploads\/usu484\/2020\/11\/IMG-20201126-WA0006-200x150.jpg 200w, https:\/\/agora.xtec.cat\/instarragona\/wp-content\/uploads\/usu484\/2020\/11\/IMG-20201126-WA0006.jpg 1600w\" sizes=\"auto, (max-width: 1024px) 100vw, 1024px\" \/><\/p>\n<p><img loading=\"lazy\" decoding=\"async\" class=\"aligncenter size-large wp-image-1996\" src=\"https:\/\/agora.xtec.cat\/instarragona\/wp-content\/uploads\/usu484\/2020\/11\/IMG-20201126-WA0008-1024x768.jpg\" alt=\"\" width=\"1024\" height=\"768\" srcset=\"https:\/\/agora.xtec.cat\/instarragona\/wp-content\/uploads\/usu484\/2020\/11\/IMG-20201126-WA0008-1024x768.jpg 1024w, https:\/\/agora.xtec.cat\/instarragona\/wp-content\/uploads\/usu484\/2020\/11\/IMG-20201126-WA0008-300x225.jpg 300w, https:\/\/agora.xtec.cat\/instarragona\/wp-content\/uploads\/usu484\/2020\/11\/IMG-20201126-WA0008-768x576.jpg 768w, https:\/\/agora.xtec.cat\/instarragona\/wp-content\/uploads\/usu484\/2020\/11\/IMG-20201126-WA0008-200x150.jpg 200w, https:\/\/agora.xtec.cat\/instarragona\/wp-content\/uploads\/usu484\/2020\/11\/IMG-20201126-WA0008.jpg 1600w\" sizes=\"auto, (max-width: 1024px) 100vw, 1024px\" \/><\/p>\n<p>A m\u00e9s a m\u00e9s, des de la Biblioteca tamb\u00e9 s&#8217;hi ha treballat, mitjan\u00e7ant un petit mural que ens hi fa pensar. Recordeu que a la Biblioteca hi trobareu tota mena de material relacionat.<\/p>\n<p><img loading=\"lazy\" decoding=\"async\" class=\"aligncenter size-large wp-image-1995\" src=\"https:\/\/agora.xtec.cat\/instarragona\/wp-content\/uploads\/usu484\/2020\/11\/IMG-20201126-WA0007-618x1024.jpg\" alt=\"\" width=\"618\" height=\"1024\" srcset=\"https:\/\/agora.xtec.cat\/instarragona\/wp-content\/uploads\/usu484\/2020\/11\/IMG-20201126-WA0007-618x1024.jpg 618w, https:\/\/agora.xtec.cat\/instarragona\/wp-content\/uploads\/usu484\/2020\/11\/IMG-20201126-WA0007-181x300.jpg 181w, https:\/\/agora.xtec.cat\/instarragona\/wp-content\/uploads\/usu484\/2020\/11\/IMG-20201126-WA0007-768x1272.jpg 768w, https:\/\/agora.xtec.cat\/instarragona\/wp-content\/uploads\/usu484\/2020\/11\/IMG-20201126-WA0007.jpg 966w\" sizes=\"auto, (max-width: 618px) 100vw, 618px\" \/><\/p>\n","protected":false},"excerpt":{"rendered":"<p>En motiu del dia Internacional de l\u2019Eliminaci\u00f3 de la Viol\u00e8ncia contra la Dona els alumnes de 3r d&#8217;ESO han pogut\u00a0 gaudir de la furgoneta m\u00f2bil que participa en la campanya &#8220;Respecta&#8221; organitzada des de la Conselleria de Feminismes i LGTBQ de l&#8217;Ajuntament de Tarragona.<br \/>\nLa campanya&hellip;  <a href=\"https:\/\/agora.xtec.cat\/instarragona\/eso\/eso-3\/25n-respecta\/\" title=\"Read 25N &#8211; Respecta!\">Llegeix m\u00e9s\u00bb<\/a><\/p>\n","protected":false},"author":1,"featured_media":1994,"comment_status":"open","ping_status":"closed","sticky":false,"template":"","format":"standard","meta":{"_bbp_topic_count":0,"_bbp_reply_count":0,"_bbp_total_topic_count":0,"_bbp_total_reply_count":0,"_bbp_voice_count":0,"_bbp_anonymous_reply_count":0,"_bbp_topic_count_hidden":0,"_bbp_reply_count_hidden":0,"_bbp_forum_subforum_count":0,"footnotes":""},"categories":[6,29],"tags":[],"class_list":["post-1993","post","type-post","status-publish","format-standard","has-post-thumbnail","hentry","category-eso-3","category-portada"],"post_mailing_queue_ids":[],"_links":{"self":[{"href":"https:\/\/agora.xtec.cat\/instarragona\/wp-json\/wp\/v2\/posts\/1993","targetHints":{"allow":["GET"]}}],"collection":[{"href":"https:\/\/agora.xtec.cat\/instarragona\/wp-json\/wp\/v2\/posts"}],"about":[{"href":"https:\/\/agora.xtec.cat\/instarragona\/wp-json\/wp\/v2\/types\/post"}],"author":[{"embeddable":true,"href":"https:\/\/agora.xtec.cat\/instarragona\/wp-json\/wp\/v2\/users\/1"}],"replies":[{"embeddable":true,"href":"https:\/\/agora.xtec.cat\/instarragona\/wp-json\/wp\/v2\/comments?post=1993"}],"version-history":[{"count":3,"href":"https:\/\/agora.xtec.cat\/instarragona\/wp-json\/wp\/v2\/posts\/1993\/revisions"}],"predecessor-version":[{"id":1999,"href":"https:\/\/agora.xtec.cat\/instarragona\/wp-json\/wp\/v2\/posts\/1993\/revisions\/1999"}],"wp:featuredmedia":[{"embeddable":true,"href":"https:\/\/agora.xtec.cat\/instarragona\/wp-json\/wp\/v2\/media\/1994"}],"wp:attachment":[{"href":"https:\/\/agora.xtec.cat\/instarragona\/wp-json\/wp\/v2\/media?parent=1993"}],"wp:term":[{"taxonomy":"category","embeddable":true,"href":"https:\/\/agora.xtec.cat\/instarragona\/wp-json\/wp\/v2\/categories?post=1993"},{"taxonomy":"post_tag","embeddable":true,"href":"https:\/\/agora.xtec.cat\/instarragona\/wp-json\/wp\/v2\/tags?post=1993"}],"curies":[{"name":"wp","href":"https:\/\/api.w.org\/{rel}","templated":true}]}}