{"id":1983,"date":"2020-11-16T09:39:14","date_gmt":"2020-11-16T08:39:14","guid":{"rendered":"http:\/\/agora.xtec.cat\/instarragona\/?p=1983"},"modified":"2020-11-16T09:39:14","modified_gmt":"2020-11-16T08:39:14","slug":"de-platon-a-nietzsche-i-molt-mes-que-una-classe-de-filo","status":"publish","type":"post","link":"https:\/\/agora.xtec.cat\/instarragona\/portada\/de-platon-a-nietzsche-i-molt-mes-que-una-classe-de-filo\/","title":{"rendered":"De Plat\u00f3n a Nietzsche i molt m\u00e9s que una classe de filo."},"content":{"rendered":"<p>Qui ho diu que la filosofia \u00e9s un pal? Els conceptes filos\u00f2fics explicats d&#8217;una manera senzilla, rigorosa i il\u00b7lustrada perqu\u00e8 tothom en pugui gaudir i pugui con\u00e8ixer-se una mica m\u00e9s. Tu com ets, epicureista, estoicista, hedonista&#8230;?<\/p>\n<p>Si la curiositat et menja&#8230; visita el <a href=\"https:\/\/bibliotecainstarragona.blogspot.com\/2020\/11\/filosofia-es-pot-entendre-be.html\">bloc de la biblioteca<\/a>!<\/p>\n<p>Els que esteu a Batxillerat no us l&#8217;haurieu de perdre, ser\u00e0 un abans i un despr\u00e9s per vosaltres.<\/p>\n<p><img loading=\"lazy\" decoding=\"async\" class=\"aligncenter  wp-image-1984\" src=\"https:\/\/agora.xtec.cat\/instarragona\/wp-content\/uploads\/usu484\/2020\/11\/filo.jpg\" alt=\"\" width=\"570\" height=\"321\" srcset=\"https:\/\/agora.xtec.cat\/instarragona\/wp-content\/uploads\/usu484\/2020\/11\/filo.jpg 880w, https:\/\/agora.xtec.cat\/instarragona\/wp-content\/uploads\/usu484\/2020\/11\/filo-300x169.jpg 300w, https:\/\/agora.xtec.cat\/instarragona\/wp-content\/uploads\/usu484\/2020\/11\/filo-768x432.jpg 768w\" sizes=\"auto, (max-width: 570px) 100vw, 570px\" \/><\/p>\n<h3><\/h3>\n<h3 style=\"text-align: center;\"><span style=\"color: #3366ff;\"><strong>IMPOSSIBLE QUE ET SIGUI INDIFERENT!<\/strong><\/span><\/h3>\n<p>&nbsp;<\/p>\n<p><img loading=\"lazy\" decoding=\"async\" class=\"aligncenter  wp-image-1985\" src=\"https:\/\/agora.xtec.cat\/instarragona\/wp-content\/uploads\/usu484\/2020\/11\/filo2.jpg\" alt=\"\" width=\"732\" height=\"411\" srcset=\"https:\/\/agora.xtec.cat\/instarragona\/wp-content\/uploads\/usu484\/2020\/11\/filo2.jpg 880w, https:\/\/agora.xtec.cat\/instarragona\/wp-content\/uploads\/usu484\/2020\/11\/filo2-300x169.jpg 300w, https:\/\/agora.xtec.cat\/instarragona\/wp-content\/uploads\/usu484\/2020\/11\/filo2-768x432.jpg 768w\" sizes=\"auto, (max-width: 732px) 100vw, 732px\" \/><\/p>\n<p>&nbsp;<\/p>\n","protected":false},"excerpt":{"rendered":"<p>Qui ho diu que la filosofia \u00e9s un pal? Els conceptes filos\u00f2fics explicats d&#8217;una manera senzilla, rigorosa i il\u00b7lustrada perqu\u00e8 tothom en pugui gaudir i pugui con\u00e8ixer-se una mica m\u00e9s. Tu com ets, epicureista, estoicista, hedonista&#8230;?<br \/>\nSi la curiositat et menja&#8230; visita el <a href=\"https:\/\/bibliotecainstarragona.blogspot.com\/2020\/11\/filosofia-es-pot-entendre-be.html\">bloc de&hellip;  <a href=\"https:\/\/agora.xtec.cat\/instarragona\/portada\/de-platon-a-nietzsche-i-molt-mes-que-una-classe-de-filo\/\" title=\"Read De Plat\u00f3n a Nietzsche i molt m\u00e9s que una classe de filo.\">Llegeix m\u00e9s\u00bb<\/a><\/p>\n","protected":false},"author":1,"featured_media":1984,"comment_status":"open","ping_status":"closed","sticky":false,"template":"","format":"standard","meta":{"_bbp_topic_count":0,"_bbp_reply_count":0,"_bbp_total_topic_count":0,"_bbp_total_reply_count":0,"_bbp_voice_count":0,"_bbp_anonymous_reply_count":0,"_bbp_topic_count_hidden":0,"_bbp_reply_count_hidden":0,"_bbp_forum_subforum_count":0,"footnotes":""},"categories":[29],"tags":[107],"class_list":["post-1983","post","type-post","status-publish","format-standard","has-post-thumbnail","hentry","category-portada","tag-biblioteca"],"post_mailing_queue_ids":[],"_links":{"self":[{"href":"https:\/\/agora.xtec.cat\/instarragona\/wp-json\/wp\/v2\/posts\/1983","targetHints":{"allow":["GET"]}}],"collection":[{"href":"https:\/\/agora.xtec.cat\/instarragona\/wp-json\/wp\/v2\/posts"}],"about":[{"href":"https:\/\/agora.xtec.cat\/instarragona\/wp-json\/wp\/v2\/types\/post"}],"author":[{"embeddable":true,"href":"https:\/\/agora.xtec.cat\/instarragona\/wp-json\/wp\/v2\/users\/1"}],"replies":[{"embeddable":true,"href":"https:\/\/agora.xtec.cat\/instarragona\/wp-json\/wp\/v2\/comments?post=1983"}],"version-history":[{"count":1,"href":"https:\/\/agora.xtec.cat\/instarragona\/wp-json\/wp\/v2\/posts\/1983\/revisions"}],"predecessor-version":[{"id":1986,"href":"https:\/\/agora.xtec.cat\/instarragona\/wp-json\/wp\/v2\/posts\/1983\/revisions\/1986"}],"wp:featuredmedia":[{"embeddable":true,"href":"https:\/\/agora.xtec.cat\/instarragona\/wp-json\/wp\/v2\/media\/1984"}],"wp:attachment":[{"href":"https:\/\/agora.xtec.cat\/instarragona\/wp-json\/wp\/v2\/media?parent=1983"}],"wp:term":[{"taxonomy":"category","embeddable":true,"href":"https:\/\/agora.xtec.cat\/instarragona\/wp-json\/wp\/v2\/categories?post=1983"},{"taxonomy":"post_tag","embeddable":true,"href":"https:\/\/agora.xtec.cat\/instarragona\/wp-json\/wp\/v2\/tags?post=1983"}],"curies":[{"name":"wp","href":"https:\/\/api.w.org\/{rel}","templated":true}]}}