{"id":1967,"date":"2020-11-03T09:53:49","date_gmt":"2020-11-03T08:53:49","guid":{"rendered":"http:\/\/agora.xtec.cat\/instarragona\/?p=1967"},"modified":"2020-11-03T09:54:58","modified_gmt":"2020-11-03T08:54:58","slug":"instgn-urv-repte-experimenta","status":"publish","type":"post","link":"https:\/\/agora.xtec.cat\/instarragona\/eso\/eso-2\/instgn-urv-repte-experimenta\/","title":{"rendered":"InsTgn + URV = Repte Experimenta!"},"content":{"rendered":"<p>La iniciativa, en col\u00b7laboraci\u00f3 amb l&#8217;ICIQ (Institut Catal\u00e0 d&#8217;Investigaci\u00f3 Qu\u00edmica), anima als nostres adolescents de 2n d&#8217;ESO a participar en un concurs a les xarxes per mostrar v\u00eddeos sobre experiments cient\u00edfics fets a casa. Aquesta proposta ens va la mar de b\u00e9 per celebrar Sant Albert, patr\u00f3 dels cient\u00edfics i en commemoraci\u00f3 de la setmana de la ci\u00e8ncia.<\/p>\n<p>Durant diferents setmanes els nostres alumnes, guiats per personal i estudiants de la Universitat Rovira i Virgili s&#8217;endinsaran en el m\u00e8tode cient\u00edfic. Avui tot just hem comen\u00e7at.<\/p>\n<p>A veure&#8230; quina ser\u00e0 la nostra hip\u00f2tesi?<\/p>\n<p><img loading=\"lazy\" decoding=\"async\" class=\"aligncenter size-large wp-image-1968\" src=\"https:\/\/agora.xtec.cat\/instarragona\/wp-content\/uploads\/usu484\/2020\/11\/Captura-1-1024x253.jpg\" alt=\"\" width=\"1024\" height=\"253\" srcset=\"https:\/\/agora.xtec.cat\/instarragona\/wp-content\/uploads\/usu484\/2020\/11\/Captura-1-1024x253.jpg 1024w, https:\/\/agora.xtec.cat\/instarragona\/wp-content\/uploads\/usu484\/2020\/11\/Captura-1-300x74.jpg 300w, https:\/\/agora.xtec.cat\/instarragona\/wp-content\/uploads\/usu484\/2020\/11\/Captura-1-768x190.jpg 768w, https:\/\/agora.xtec.cat\/instarragona\/wp-content\/uploads\/usu484\/2020\/11\/Captura-1.jpg 1439w\" sizes=\"auto, (max-width: 1024px) 100vw, 1024px\" \/> <img loading=\"lazy\" decoding=\"async\" class=\"aligncenter size-large wp-image-1969\" src=\"https:\/\/agora.xtec.cat\/instarragona\/wp-content\/uploads\/usu484\/2020\/11\/Captura2-1-1024x254.jpg\" alt=\"\" width=\"1024\" height=\"254\" srcset=\"https:\/\/agora.xtec.cat\/instarragona\/wp-content\/uploads\/usu484\/2020\/11\/Captura2-1-1024x254.jpg 1024w, https:\/\/agora.xtec.cat\/instarragona\/wp-content\/uploads\/usu484\/2020\/11\/Captura2-1-300x74.jpg 300w, https:\/\/agora.xtec.cat\/instarragona\/wp-content\/uploads\/usu484\/2020\/11\/Captura2-1-768x191.jpg 768w, https:\/\/agora.xtec.cat\/instarragona\/wp-content\/uploads\/usu484\/2020\/11\/Captura2-1.jpg 1438w\" sizes=\"auto, (max-width: 1024px) 100vw, 1024px\" \/> <img loading=\"lazy\" decoding=\"async\" class=\"aligncenter size-large wp-image-1970\" src=\"https:\/\/agora.xtec.cat\/instarragona\/wp-content\/uploads\/usu484\/2020\/11\/Captura3-1-1024x253.jpg\" alt=\"\" width=\"1024\" height=\"253\" srcset=\"https:\/\/agora.xtec.cat\/instarragona\/wp-content\/uploads\/usu484\/2020\/11\/Captura3-1-1024x253.jpg 1024w, https:\/\/agora.xtec.cat\/instarragona\/wp-content\/uploads\/usu484\/2020\/11\/Captura3-1-300x74.jpg 300w, https:\/\/agora.xtec.cat\/instarragona\/wp-content\/uploads\/usu484\/2020\/11\/Captura3-1-768x190.jpg 768w, https:\/\/agora.xtec.cat\/instarragona\/wp-content\/uploads\/usu484\/2020\/11\/Captura3-1.jpg 1435w\" sizes=\"auto, (max-width: 1024px) 100vw, 1024px\" \/><\/p>\n","protected":false},"excerpt":{"rendered":"<p>La iniciativa, en col\u00b7laboraci\u00f3 amb l&#8217;ICIQ (Institut Catal\u00e0 d&#8217;Investigaci\u00f3 Qu\u00edmica), anima als nostres adolescents de 2n d&#8217;ESO a participar en un concurs a les xarxes per mostrar v\u00eddeos sobre experiments cient\u00edfics fets a casa. Aquesta proposta ens va la mar de b\u00e9 per celebrar Sant&hellip;  <a href=\"https:\/\/agora.xtec.cat\/instarragona\/eso\/eso-2\/instgn-urv-repte-experimenta\/\" title=\"Read InsTgn + URV = Repte Experimenta!\">Llegeix m\u00e9s\u00bb<\/a><\/p>\n","protected":false},"author":1,"featured_media":1971,"comment_status":"open","ping_status":"closed","sticky":false,"template":"","format":"standard","meta":{"_bbp_topic_count":0,"_bbp_reply_count":0,"_bbp_total_topic_count":0,"_bbp_total_reply_count":0,"_bbp_voice_count":0,"_bbp_anonymous_reply_count":0,"_bbp_topic_count_hidden":0,"_bbp_reply_count_hidden":0,"_bbp_forum_subforum_count":0,"footnotes":""},"categories":[5,29],"tags":[116,41,109,110],"class_list":["post-1967","post","type-post","status-publish","format-standard","has-post-thumbnail","hentry","category-eso-2","category-portada","tag-ciencies","tag-matematiques","tag-setmana-ciencia","tag-tecnologia"],"post_mailing_queue_ids":[],"_links":{"self":[{"href":"https:\/\/agora.xtec.cat\/instarragona\/wp-json\/wp\/v2\/posts\/1967","targetHints":{"allow":["GET"]}}],"collection":[{"href":"https:\/\/agora.xtec.cat\/instarragona\/wp-json\/wp\/v2\/posts"}],"about":[{"href":"https:\/\/agora.xtec.cat\/instarragona\/wp-json\/wp\/v2\/types\/post"}],"author":[{"embeddable":true,"href":"https:\/\/agora.xtec.cat\/instarragona\/wp-json\/wp\/v2\/users\/1"}],"replies":[{"embeddable":true,"href":"https:\/\/agora.xtec.cat\/instarragona\/wp-json\/wp\/v2\/comments?post=1967"}],"version-history":[{"count":2,"href":"https:\/\/agora.xtec.cat\/instarragona\/wp-json\/wp\/v2\/posts\/1967\/revisions"}],"predecessor-version":[{"id":1973,"href":"https:\/\/agora.xtec.cat\/instarragona\/wp-json\/wp\/v2\/posts\/1967\/revisions\/1973"}],"wp:featuredmedia":[{"embeddable":true,"href":"https:\/\/agora.xtec.cat\/instarragona\/wp-json\/wp\/v2\/media\/1971"}],"wp:attachment":[{"href":"https:\/\/agora.xtec.cat\/instarragona\/wp-json\/wp\/v2\/media?parent=1967"}],"wp:term":[{"taxonomy":"category","embeddable":true,"href":"https:\/\/agora.xtec.cat\/instarragona\/wp-json\/wp\/v2\/categories?post=1967"},{"taxonomy":"post_tag","embeddable":true,"href":"https:\/\/agora.xtec.cat\/instarragona\/wp-json\/wp\/v2\/tags?post=1967"}],"curies":[{"name":"wp","href":"https:\/\/api.w.org\/{rel}","templated":true}]}}