{"id":1944,"date":"2021-02-11T10:43:46","date_gmt":"2021-02-11T09:43:46","guid":{"rendered":"http:\/\/agora.xtec.cat\/instarragona\/?p=1944"},"modified":"2021-02-11T10:43:46","modified_gmt":"2021-02-11T09:43:46","slug":"video-contest-climate-emergency","status":"publish","type":"post","link":"https:\/\/agora.xtec.cat\/instarragona\/eso\/eso-4\/video-contest-climate-emergency\/","title":{"rendered":"Video contest: &#8220;CLIMATE EMERGENCY&#8221;"},"content":{"rendered":"<h2 dir=\"auto\" style=\"text-align: center;\"><span style=\"color: #008000;\">&#8220;Climate Emergency&#8221;<\/span><\/h2>\n<p dir=\"auto\" style=\"text-align: center;\"><strong><span style=\"color: #008000;\">HEM BUSCAT EL V\u00cdDEO PER PRESENTAR L&#8217;INSTITUT I LA NOSTRA CIUTAT a la resta de pa\u00efsos que participen en el projecte Erasmus+.<\/span><\/strong><\/p>\n<p dir=\"auto\">Agrair a l&#8217;alumnat d&#8217;inform\u00e0tica de 4t d&#8217;ESO la seva col\u00b7laboraci\u00f3. En Bernat, el David i el Dani han estat els guanyadors.<\/p>\n<p><iframe loading=\"lazy\" src=\"https:\/\/www.youtube.com\/embed\/c_ZBOfxWSaw\" width=\"560\" height=\"315\" frameborder=\"0\"><\/iframe><\/p>\n<p dir=\"auto\">No \u00e9s un any f\u00e0cil pels projectes Erasmus+. La situaci\u00f3 sanit\u00e0ria amb el Covid ha anul\u00b7lat, de moment, els intercanvis amb els altres pa\u00efsos i costa trobar vies alternatives que afavoreixin les activitats i engresquin a l&#8217;alumnat.<\/p>\n<p dir=\"auto\">Just fa uns dies el <a href=\"https:\/\/www.diaridetarragona.com\/tarragona\/El-Institut-Tarragona-mantiene-sus-proyectos-Erasmus-pese-a-la-Covid-19-20210210-0051.html\"><strong>DIARI DE TARRAGONA<\/strong><\/a> descrivia tamb\u00e9 aquestes dificultats. Us enllacem <a href=\"https:\/\/www.diaridetarragona.com\/tarragona\/El-Institut-Tarragona-mantiene-sus-proyectos-Erasmus-pese-a-la-Covid-19-20210210-0051.html\">l&#8217;article<\/a>.<\/p>\n<p dir=\"auto\"><a href=\"https:\/\/www.diaridetarragona.com\/tarragona\/El-Institut-Tarragona-mantiene-sus-proyectos-Erasmus-pese-a-la-Covid-19-20210210-0051.html\"><img loading=\"lazy\" decoding=\"async\" class=\"aligncenter wp-image-2140\" src=\"https:\/\/agora.xtec.cat\/instarragona\/wp-content\/uploads\/usu484\/2020\/12\/Captura-3-300x145.png\" alt=\"\" width=\"321\" height=\"155\" srcset=\"https:\/\/agora.xtec.cat\/instarragona\/wp-content\/uploads\/usu484\/2020\/12\/Captura-3-300x145.png 300w, https:\/\/agora.xtec.cat\/instarragona\/wp-content\/uploads\/usu484\/2020\/12\/Captura-3-768x370.png 768w, https:\/\/agora.xtec.cat\/instarragona\/wp-content\/uploads\/usu484\/2020\/12\/Captura-3.png 770w\" sizes=\"auto, (max-width: 321px) 100vw, 321px\" \/><\/a><\/p>\n<p dir=\"auto\">\n<p dir=\"auto\">\n","protected":false},"excerpt":{"rendered":"<p>&#8220;Climate Emergency&#8221;<br \/>\nHEM BUSCAT EL V\u00cdDEO PER PRESENTAR L&#8217;INSTITUT I LA NOSTRA CIUTAT a la resta de pa\u00efsos que participen en el projecte Erasmus+.<br \/>\nAgrair a l&#8217;alumnat d&#8217;inform\u00e0tica de 4t d&#8217;ESO la seva col\u00b7laboraci\u00f3. En Bernat, el David i el Dani han estat els guanyadors.<\/p>\n<p>No \u00e9s un&hellip;  <a href=\"https:\/\/agora.xtec.cat\/instarragona\/eso\/eso-4\/video-contest-climate-emergency\/\" title=\"Read Video contest: &#8220;CLIMATE EMERGENCY&#8221;\">Llegeix m\u00e9s\u00bb<\/a><\/p>\n","protected":false},"author":1,"featured_media":2140,"comment_status":"open","ping_status":"closed","sticky":false,"template":"","format":"standard","meta":{"_bbp_topic_count":0,"_bbp_reply_count":0,"_bbp_total_topic_count":0,"_bbp_total_reply_count":0,"_bbp_voice_count":0,"_bbp_anonymous_reply_count":0,"_bbp_topic_count_hidden":0,"_bbp_reply_count_hidden":0,"_bbp_forum_subforum_count":0,"footnotes":""},"categories":[7,29,100],"tags":[131,101,130],"class_list":["post-1944","post","type-post","status-publish","format-standard","has-post-thumbnail","hentry","category-eso-4","category-portada","category-projectes","tag-climate-emergency","tag-erasmus","tag-k2"],"post_mailing_queue_ids":[],"_links":{"self":[{"href":"https:\/\/agora.xtec.cat\/instarragona\/wp-json\/wp\/v2\/posts\/1944","targetHints":{"allow":["GET"]}}],"collection":[{"href":"https:\/\/agora.xtec.cat\/instarragona\/wp-json\/wp\/v2\/posts"}],"about":[{"href":"https:\/\/agora.xtec.cat\/instarragona\/wp-json\/wp\/v2\/types\/post"}],"author":[{"embeddable":true,"href":"https:\/\/agora.xtec.cat\/instarragona\/wp-json\/wp\/v2\/users\/1"}],"replies":[{"embeddable":true,"href":"https:\/\/agora.xtec.cat\/instarragona\/wp-json\/wp\/v2\/comments?post=1944"}],"version-history":[{"count":3,"href":"https:\/\/agora.xtec.cat\/instarragona\/wp-json\/wp\/v2\/posts\/1944\/revisions"}],"predecessor-version":[{"id":2141,"href":"https:\/\/agora.xtec.cat\/instarragona\/wp-json\/wp\/v2\/posts\/1944\/revisions\/2141"}],"wp:featuredmedia":[{"embeddable":true,"href":"https:\/\/agora.xtec.cat\/instarragona\/wp-json\/wp\/v2\/media\/2140"}],"wp:attachment":[{"href":"https:\/\/agora.xtec.cat\/instarragona\/wp-json\/wp\/v2\/media?parent=1944"}],"wp:term":[{"taxonomy":"category","embeddable":true,"href":"https:\/\/agora.xtec.cat\/instarragona\/wp-json\/wp\/v2\/categories?post=1944"},{"taxonomy":"post_tag","embeddable":true,"href":"https:\/\/agora.xtec.cat\/instarragona\/wp-json\/wp\/v2\/tags?post=1944"}],"curies":[{"name":"wp","href":"https:\/\/api.w.org\/{rel}","templated":true}]}}