{"id":1904,"date":"2020-09-18T12:13:19","date_gmt":"2020-09-18T10:13:19","guid":{"rendered":"http:\/\/agora.xtec.cat\/instarragona\/?p=1904"},"modified":"2020-09-18T12:23:59","modified_gmt":"2020-09-18T10:23:59","slug":"malgrat-tot-arrenquem-els-erasmus","status":"publish","type":"post","link":"https:\/\/agora.xtec.cat\/instarragona\/portada\/malgrat-tot-arrenquem-els-erasmus\/","title":{"rendered":"Malgrat tot&#8230; arrenquem els Erasmus+"},"content":{"rendered":"<p>La situaci\u00f3 sanit\u00e0ria actual no ens convida gens ni mica a les mobilitats i als intercanvis entre pa\u00efsos. Tot i aix\u00ed, des del centre s&#8217;ha fet un gran esfor\u00e7 per mantenir i incrementar el nombre de projectes Erasmus+ per aquest nou curs que comen\u00e7a.<\/p>\n<p>Treballarem cooperativament online, ens coneixerem a trav\u00e9s d&#8217;una pantalla, viatjarem al 3r trimestre, o no&#8230; Ens haurem d&#8217;anar adaptant a les circumst\u00e0ncies. En marxa!<\/p>\n<p><img loading=\"lazy\" decoding=\"async\" class=\"aligncenter size-large wp-image-1906\" src=\"https:\/\/agora.xtec.cat\/instarragona\/wp-content\/uploads\/usu484\/2020\/09\/FULL2-1024x743.png\" alt=\"\" width=\"1024\" height=\"743\" srcset=\"https:\/\/agora.xtec.cat\/instarragona\/wp-content\/uploads\/usu484\/2020\/09\/FULL2-1024x743.png 1024w, https:\/\/agora.xtec.cat\/instarragona\/wp-content\/uploads\/usu484\/2020\/09\/FULL2-300x218.png 300w, https:\/\/agora.xtec.cat\/instarragona\/wp-content\/uploads\/usu484\/2020\/09\/FULL2-768x557.png 768w, https:\/\/agora.xtec.cat\/instarragona\/wp-content\/uploads\/usu484\/2020\/09\/FULL2.png 1136w\" sizes=\"auto, (max-width: 1024px) 100vw, 1024px\" \/> <img loading=\"lazy\" decoding=\"async\" class=\"aligncenter size-large wp-image-1905\" src=\"https:\/\/agora.xtec.cat\/instarragona\/wp-content\/uploads\/usu484\/2020\/09\/FULL1-1024x748.png\" alt=\"\" width=\"1024\" height=\"748\" srcset=\"https:\/\/agora.xtec.cat\/instarragona\/wp-content\/uploads\/usu484\/2020\/09\/FULL1-1024x748.png 1024w, https:\/\/agora.xtec.cat\/instarragona\/wp-content\/uploads\/usu484\/2020\/09\/FULL1-300x219.png 300w, https:\/\/agora.xtec.cat\/instarragona\/wp-content\/uploads\/usu484\/2020\/09\/FULL1-768x561.png 768w, https:\/\/agora.xtec.cat\/instarragona\/wp-content\/uploads\/usu484\/2020\/09\/FULL1.png 1124w\" sizes=\"auto, (max-width: 1024px) 100vw, 1024px\" \/><\/p>\n","protected":false},"excerpt":{"rendered":"<p>La situaci\u00f3 sanit\u00e0ria actual no ens convida gens ni mica a les mobilitats i als intercanvis entre pa\u00efsos. Tot i aix\u00ed, des del centre s&#8217;ha fet un gran esfor\u00e7 per mantenir i incrementar el nombre de projectes Erasmus+ per aquest nou curs que comen\u00e7a.<br \/>\nTreballarem cooperativament&hellip;  <a href=\"https:\/\/agora.xtec.cat\/instarragona\/portada\/malgrat-tot-arrenquem-els-erasmus\/\" title=\"Read Malgrat tot&#8230; arrenquem els Erasmus+\">Llegeix m\u00e9s\u00bb<\/a><\/p>\n","protected":false},"author":1,"featured_media":1910,"comment_status":"open","ping_status":"closed","sticky":false,"template":"","format":"standard","meta":{"_bbp_topic_count":0,"_bbp_reply_count":0,"_bbp_total_topic_count":0,"_bbp_total_reply_count":0,"_bbp_voice_count":0,"_bbp_anonymous_reply_count":0,"_bbp_topic_count_hidden":0,"_bbp_reply_count_hidden":0,"_bbp_forum_subforum_count":0,"footnotes":""},"categories":[29,100],"tags":[101],"class_list":["post-1904","post","type-post","status-publish","format-standard","has-post-thumbnail","hentry","category-portada","category-projectes","tag-erasmus"],"post_mailing_queue_ids":[],"_links":{"self":[{"href":"https:\/\/agora.xtec.cat\/instarragona\/wp-json\/wp\/v2\/posts\/1904","targetHints":{"allow":["GET"]}}],"collection":[{"href":"https:\/\/agora.xtec.cat\/instarragona\/wp-json\/wp\/v2\/posts"}],"about":[{"href":"https:\/\/agora.xtec.cat\/instarragona\/wp-json\/wp\/v2\/types\/post"}],"author":[{"embeddable":true,"href":"https:\/\/agora.xtec.cat\/instarragona\/wp-json\/wp\/v2\/users\/1"}],"replies":[{"embeddable":true,"href":"https:\/\/agora.xtec.cat\/instarragona\/wp-json\/wp\/v2\/comments?post=1904"}],"version-history":[{"count":1,"href":"https:\/\/agora.xtec.cat\/instarragona\/wp-json\/wp\/v2\/posts\/1904\/revisions"}],"predecessor-version":[{"id":1907,"href":"https:\/\/agora.xtec.cat\/instarragona\/wp-json\/wp\/v2\/posts\/1904\/revisions\/1907"}],"wp:featuredmedia":[{"embeddable":true,"href":"https:\/\/agora.xtec.cat\/instarragona\/wp-json\/wp\/v2\/media\/1910"}],"wp:attachment":[{"href":"https:\/\/agora.xtec.cat\/instarragona\/wp-json\/wp\/v2\/media?parent=1904"}],"wp:term":[{"taxonomy":"category","embeddable":true,"href":"https:\/\/agora.xtec.cat\/instarragona\/wp-json\/wp\/v2\/categories?post=1904"},{"taxonomy":"post_tag","embeddable":true,"href":"https:\/\/agora.xtec.cat\/instarragona\/wp-json\/wp\/v2\/tags?post=1904"}],"curies":[{"name":"wp","href":"https:\/\/api.w.org\/{rel}","templated":true}]}}