{"id":1881,"date":"2020-09-14T17:33:28","date_gmt":"2020-09-14T15:33:28","guid":{"rendered":"http:\/\/agora.xtec.cat\/instarragona\/?p=1881"},"modified":"2020-09-14T17:49:51","modified_gmt":"2020-09-14T15:49:51","slug":"primer-dia-superat","status":"publish","type":"post","link":"https:\/\/agora.xtec.cat\/instarragona\/portada\/primer-dia-superat\/","title":{"rendered":"Primer dia superat!"},"content":{"rendered":"<p>Benvolguts alumnes, fam\u00edlies,<\/p>\n<p>Hem comen\u00e7at el nou curs 2020-2021 amb molt\u00edssima il\u00b7lusi\u00f3 despr\u00e9s de molts, molts mesos sense veure&#8217;ns tots plegats. Masses.<\/p>\n<p>Des del centre hem fet el que hem pogut per estar a l&#8217;al\u00e7ada de la situaci\u00f3 sanit\u00e0ria actual pel Covid19, preparant aquesta nova etapa amb responsabilitat i sobretot amb moltes ganes per fer-la possible i segura. Ara b\u00e9, tamb\u00e9 som conscients que ens espera un curs incert, on haurem de treballar, tots plegats, amb certs dubtes, molta paci\u00e8ncia i una gran flexibilitat.<\/p>\n<table style=\"width: 657px;\">\n<tbody>\n<tr>\n<td style=\"width: 271px;\"><img loading=\"lazy\" decoding=\"async\" class=\"aligncenter wp-image-1886\" src=\"https:\/\/agora.xtec.cat\/instarragona\/wp-content\/uploads\/usu484\/2020\/09\/IMG_20200914_102056.jpg\" alt=\"\" width=\"255\" height=\"195\" srcset=\"https:\/\/agora.xtec.cat\/instarragona\/wp-content\/uploads\/usu484\/2020\/09\/IMG_20200914_102056.jpg 791w, https:\/\/agora.xtec.cat\/instarragona\/wp-content\/uploads\/usu484\/2020\/09\/IMG_20200914_102056-300x229.jpg 300w, https:\/\/agora.xtec.cat\/instarragona\/wp-content\/uploads\/usu484\/2020\/09\/IMG_20200914_102056-768x587.jpg 768w\" sizes=\"auto, (max-width: 255px) 100vw, 255px\" \/><\/td>\n<td style=\"width: 378px;\"><img loading=\"lazy\" decoding=\"async\" class=\"aligncenter wp-image-1887\" src=\"https:\/\/agora.xtec.cat\/instarragona\/wp-content\/uploads\/usu484\/2020\/09\/IMG_20200914_102107.jpg\" alt=\"\" width=\"362\" height=\"193\" srcset=\"https:\/\/agora.xtec.cat\/instarragona\/wp-content\/uploads\/usu484\/2020\/09\/IMG_20200914_102107.jpg 564w, https:\/\/agora.xtec.cat\/instarragona\/wp-content\/uploads\/usu484\/2020\/09\/IMG_20200914_102107-300x160.jpg 300w\" sizes=\"auto, (max-width: 362px) 100vw, 362px\" \/><\/td>\n<\/tr>\n<\/tbody>\n<\/table>\n<table>\n<tbody>\n<tr>\n<td><img loading=\"lazy\" decoding=\"async\" class=\"aligncenter wp-image-1888\" src=\"https:\/\/agora.xtec.cat\/instarragona\/wp-content\/uploads\/usu484\/2020\/09\/IMG_20200914_102138.jpg\" alt=\"\" width=\"330\" height=\"217\" srcset=\"https:\/\/agora.xtec.cat\/instarragona\/wp-content\/uploads\/usu484\/2020\/09\/IMG_20200914_102138.jpg 586w, https:\/\/agora.xtec.cat\/instarragona\/wp-content\/uploads\/usu484\/2020\/09\/IMG_20200914_102138-300x197.jpg 300w\" sizes=\"auto, (max-width: 330px) 100vw, 330px\" \/><\/td>\n<td><img loading=\"lazy\" decoding=\"async\" class=\"aligncenter wp-image-1889\" src=\"https:\/\/agora.xtec.cat\/instarragona\/wp-content\/uploads\/usu484\/2020\/09\/IMG_20200914_102240.jpg\" alt=\"\" width=\"288\" height=\"216\" srcset=\"https:\/\/agora.xtec.cat\/instarragona\/wp-content\/uploads\/usu484\/2020\/09\/IMG_20200914_102240.jpg 808w, https:\/\/agora.xtec.cat\/instarragona\/wp-content\/uploads\/usu484\/2020\/09\/IMG_20200914_102240-300x225.jpg 300w, https:\/\/agora.xtec.cat\/instarragona\/wp-content\/uploads\/usu484\/2020\/09\/IMG_20200914_102240-768x576.jpg 768w, https:\/\/agora.xtec.cat\/instarragona\/wp-content\/uploads\/usu484\/2020\/09\/IMG_20200914_102240-200x150.jpg 200w\" sizes=\"auto, (max-width: 288px) 100vw, 288px\" \/><\/td>\n<\/tr>\n<\/tbody>\n<\/table>\n<p>Cal recordar que la responsabilitat \u00e9s compartida, i s&#8217;ha d&#8217;aplicar tant a dins com a fora de l&#8217;institut.<\/p>\n<p>Moltes gr\u00e0cies a tots per l&#8217;esfor\u00e7 que hi dedicareu i nom\u00e9s ens queda dir&#8230; endavant al nou curs!<\/p>\n<p>&nbsp;<\/p>\n<p>&nbsp;<\/p>\n","protected":false},"excerpt":{"rendered":"<p>Benvolguts alumnes, fam\u00edlies,<br \/>\nHem comen\u00e7at el nou curs 2020-2021 amb molt\u00edssima il\u00b7lusi\u00f3 despr\u00e9s de molts, molts mesos sense veure&#8217;ns tots plegats. Masses.<br \/>\nDes del centre hem fet el que hem pogut per estar a l&#8217;al\u00e7ada de la situaci\u00f3 sanit\u00e0ria actual pel Covid19, preparant aquesta nova etapa amb&hellip;  <a href=\"https:\/\/agora.xtec.cat\/instarragona\/portada\/primer-dia-superat\/\" title=\"Read Primer dia superat!\">Llegeix m\u00e9s\u00bb<\/a><\/p>\n","protected":false},"author":1,"featured_media":1885,"comment_status":"open","ping_status":"closed","sticky":false,"template":"","format":"standard","meta":{"_bbp_topic_count":0,"_bbp_reply_count":0,"_bbp_total_topic_count":0,"_bbp_total_reply_count":0,"_bbp_voice_count":0,"_bbp_anonymous_reply_count":0,"_bbp_topic_count_hidden":0,"_bbp_reply_count_hidden":0,"_bbp_forum_subforum_count":0,"footnotes":""},"categories":[29],"tags":[],"class_list":["post-1881","post","type-post","status-publish","format-standard","has-post-thumbnail","hentry","category-portada"],"post_mailing_queue_ids":[],"_links":{"self":[{"href":"https:\/\/agora.xtec.cat\/instarragona\/wp-json\/wp\/v2\/posts\/1881","targetHints":{"allow":["GET"]}}],"collection":[{"href":"https:\/\/agora.xtec.cat\/instarragona\/wp-json\/wp\/v2\/posts"}],"about":[{"href":"https:\/\/agora.xtec.cat\/instarragona\/wp-json\/wp\/v2\/types\/post"}],"author":[{"embeddable":true,"href":"https:\/\/agora.xtec.cat\/instarragona\/wp-json\/wp\/v2\/users\/1"}],"replies":[{"embeddable":true,"href":"https:\/\/agora.xtec.cat\/instarragona\/wp-json\/wp\/v2\/comments?post=1881"}],"version-history":[{"count":3,"href":"https:\/\/agora.xtec.cat\/instarragona\/wp-json\/wp\/v2\/posts\/1881\/revisions"}],"predecessor-version":[{"id":1893,"href":"https:\/\/agora.xtec.cat\/instarragona\/wp-json\/wp\/v2\/posts\/1881\/revisions\/1893"}],"wp:featuredmedia":[{"embeddable":true,"href":"https:\/\/agora.xtec.cat\/instarragona\/wp-json\/wp\/v2\/media\/1885"}],"wp:attachment":[{"href":"https:\/\/agora.xtec.cat\/instarragona\/wp-json\/wp\/v2\/media?parent=1881"}],"wp:term":[{"taxonomy":"category","embeddable":true,"href":"https:\/\/agora.xtec.cat\/instarragona\/wp-json\/wp\/v2\/categories?post=1881"},{"taxonomy":"post_tag","embeddable":true,"href":"https:\/\/agora.xtec.cat\/instarragona\/wp-json\/wp\/v2\/tags?post=1881"}],"curies":[{"name":"wp","href":"https:\/\/api.w.org\/{rel}","templated":true}]}}