{"id":1795,"date":"2020-06-05T18:55:39","date_gmt":"2020-06-05T16:55:39","guid":{"rendered":"http:\/\/agora.xtec.cat\/instarragona\/?p=1795"},"modified":"2020-06-05T18:57:09","modified_gmt":"2020-06-05T16:57:09","slug":"upa-europe-projecte-erasmus","status":"publish","type":"post","link":"https:\/\/agora.xtec.cat\/instarragona\/portada\/upa-europe-projecte-erasmus\/","title":{"rendered":"UPA EUROPE! Projecte Erasmus+"},"content":{"rendered":"<p>Avui mateix hem fet p\u00fablica la web del <strong>projecte Erasmus +K1<\/strong> <strong>UPA EUROPE<\/strong>, <strong>UN PASO ADELANTE EN EL PLURILING\u00dcISMO A TRAV\u00c9S DE LA EUROPEIZACI\u00d3N.<\/strong><\/p>\n<p>En <a href=\"https:\/\/sites.google.com\/xtec.cat\/upa-europe\/inicio\">aquest espai<\/a> hi trobareu les diferents formacions rebudes per part del professorat aix\u00ed com l&#8217;aplicaci\u00f3 a l&#8217;aula de moltes de les activitats que s&#8217;hi han relacionat.<\/p>\n<p><a href=\"https:\/\/sites.google.com\/xtec.cat\/upa-europe\/inicio\"><img loading=\"lazy\" decoding=\"async\" class=\"aligncenter wp-image-1796 size-large\" src=\"https:\/\/agora.xtec.cat\/instarragona\/wp-content\/uploads\/usu484\/2020\/06\/Captura-1024x293.jpg\" alt=\"\" width=\"1024\" height=\"293\" srcset=\"https:\/\/agora.xtec.cat\/instarragona\/wp-content\/uploads\/usu484\/2020\/06\/Captura-1024x293.jpg 1024w, https:\/\/agora.xtec.cat\/instarragona\/wp-content\/uploads\/usu484\/2020\/06\/Captura-300x86.jpg 300w, https:\/\/agora.xtec.cat\/instarragona\/wp-content\/uploads\/usu484\/2020\/06\/Captura-768x220.jpg 768w, https:\/\/agora.xtec.cat\/instarragona\/wp-content\/uploads\/usu484\/2020\/06\/Captura.jpg 1059w\" sizes=\"auto, (max-width: 1024px) 100vw, 1024px\" \/><\/a><\/p>\n<p>&nbsp;<\/p>\n","protected":false},"excerpt":{"rendered":"<p>Avui mateix hem fet p\u00fablica la web del projecte Erasmus +K1 UPA EUROPE, UN PASO ADELANTE EN EL PLURILING\u00dcISMO A TRAV\u00c9S DE LA EUROPEIZACI\u00d3N.<br \/>\nEn <a href=\"https:\/\/sites.google.com\/xtec.cat\/upa-europe\/inicio\">aquest espai<\/a> hi trobareu les diferents formacions rebudes per part del professorat aix\u00ed com l&#8217;aplicaci\u00f3 a l&#8217;aula de moltes de&hellip;  <a href=\"https:\/\/agora.xtec.cat\/instarragona\/portada\/upa-europe-projecte-erasmus\/\" title=\"Read UPA EUROPE! Projecte Erasmus+\">Llegeix m\u00e9s\u00bb<\/a><\/p>\n","protected":false},"author":1,"featured_media":1796,"comment_status":"open","ping_status":"closed","sticky":false,"template":"","format":"standard","meta":{"_bbp_topic_count":0,"_bbp_reply_count":0,"_bbp_total_topic_count":0,"_bbp_total_reply_count":0,"_bbp_voice_count":0,"_bbp_anonymous_reply_count":0,"_bbp_topic_count_hidden":0,"_bbp_reply_count_hidden":0,"_bbp_forum_subforum_count":0,"footnotes":""},"categories":[29,100],"tags":[124,101],"class_list":["post-1795","post","type-post","status-publish","format-standard","has-post-thumbnail","hentry","category-portada","category-projectes","tag-erasmus-k1-upae","tag-erasmus"],"post_mailing_queue_ids":[],"_links":{"self":[{"href":"https:\/\/agora.xtec.cat\/instarragona\/wp-json\/wp\/v2\/posts\/1795","targetHints":{"allow":["GET"]}}],"collection":[{"href":"https:\/\/agora.xtec.cat\/instarragona\/wp-json\/wp\/v2\/posts"}],"about":[{"href":"https:\/\/agora.xtec.cat\/instarragona\/wp-json\/wp\/v2\/types\/post"}],"author":[{"embeddable":true,"href":"https:\/\/agora.xtec.cat\/instarragona\/wp-json\/wp\/v2\/users\/1"}],"replies":[{"embeddable":true,"href":"https:\/\/agora.xtec.cat\/instarragona\/wp-json\/wp\/v2\/comments?post=1795"}],"version-history":[{"count":2,"href":"https:\/\/agora.xtec.cat\/instarragona\/wp-json\/wp\/v2\/posts\/1795\/revisions"}],"predecessor-version":[{"id":1798,"href":"https:\/\/agora.xtec.cat\/instarragona\/wp-json\/wp\/v2\/posts\/1795\/revisions\/1798"}],"wp:featuredmedia":[{"embeddable":true,"href":"https:\/\/agora.xtec.cat\/instarragona\/wp-json\/wp\/v2\/media\/1796"}],"wp:attachment":[{"href":"https:\/\/agora.xtec.cat\/instarragona\/wp-json\/wp\/v2\/media?parent=1795"}],"wp:term":[{"taxonomy":"category","embeddable":true,"href":"https:\/\/agora.xtec.cat\/instarragona\/wp-json\/wp\/v2\/categories?post=1795"},{"taxonomy":"post_tag","embeddable":true,"href":"https:\/\/agora.xtec.cat\/instarragona\/wp-json\/wp\/v2\/tags?post=1795"}],"curies":[{"name":"wp","href":"https:\/\/api.w.org\/{rel}","templated":true}]}}