{"id":1774,"date":"2020-05-28T17:05:53","date_gmt":"2020-05-28T15:05:53","guid":{"rendered":"http:\/\/agora.xtec.cat\/instarragona\/?p=1774"},"modified":"2020-05-28T17:11:58","modified_gmt":"2020-05-28T15:11:58","slug":"els-ximpanzes-apadrinats-no-estan-confinats","status":"publish","type":"post","link":"https:\/\/agora.xtec.cat\/instarragona\/portada\/els-ximpanzes-apadrinats-no-estan-confinats\/","title":{"rendered":"Els ximpanz\u00e9s apadrinats no estan confinats"},"content":{"rendered":"<p>Novetats sobre els ximpanz\u00e9s apadrinats! Un projecte a on cada m\u00f2bil reciclat pren un gener\u00f3s sentit per un m\u00f3n millor.<\/p>\n<p><a href=\"https:\/\/drive.google.com\/open?id=1nR8DnzhIk1An2kI5qX_nLKvrgit_EjRR\"><strong>Lemba<\/strong><\/a><\/p>\n<p><a href=\"https:\/\/drive.google.com\/open?id=1Lb4272oww3SWRXDtpxRHh2TByevs9GkN\"><strong>Anzac<\/strong><\/a><\/p>\n<p><a href=\"https:\/\/drive.google.com\/open?id=1yN9emXTlhKuvcWCf_CUu6kWzt003-Sj7\"><strong>Kudia<\/strong><\/a><\/p>\n<p><strong><a href=\"https:\/\/drive.google.com\/open?id=1YWX8GfMP7-3AkOLjHuNco9-jekElJVOV\">Hiila<\/a> <\/strong><\/p>\n<p>Si voleu donar un cop d&#8217;ull al nostre projecte podeu fer un cop d&#8217;ulls al seg\u00fcents articles:<\/p>\n<ul>\n<li><a href=\"https:\/\/agora.xtec.cat\/instarragona\/portada\/apadrinem-10-ximpanzes\/\">Apadrinem 10 ximpanz\u00e8s!<\/a><\/li>\n<li class=\"entry-title\"><a href=\"https:\/\/agora.xtec.cat\/instarragona\/portada\/en-cheempo-la-lemba-en-kudia-i-lanzac\/\">En Cheempo, la Lemba, en Kudia i l\u2019Anzac<\/a><\/li>\n<\/ul>\n<p><img loading=\"lazy\" decoding=\"async\" class=\"aligncenter wp-image-1776\" src=\"https:\/\/agora.xtec.cat\/instarragona\/wp-content\/uploads\/usu484\/2020\/05\/ximp.jpg\" alt=\"\" width=\"583\" height=\"328\" srcset=\"https:\/\/agora.xtec.cat\/instarragona\/wp-content\/uploads\/usu484\/2020\/05\/ximp.jpg 651w, https:\/\/agora.xtec.cat\/instarragona\/wp-content\/uploads\/usu484\/2020\/05\/ximp-300x169.jpg 300w\" sizes=\"auto, (max-width: 583px) 100vw, 583px\" \/><\/p>\n","protected":false},"excerpt":{"rendered":"<p>Novetats sobre els ximpanz\u00e9s apadrinats! Un projecte a on cada m\u00f2bil reciclat pren un gener\u00f3s sentit per un m\u00f3n millor.<br \/>\n<a href=\"https:\/\/drive.google.com\/open?id=1nR8DnzhIk1An2kI5qX_nLKvrgit_EjRR\">Lemba<\/a><br \/>\n<a href=\"https:\/\/drive.google.com\/open?id=1Lb4272oww3SWRXDtpxRHh2TByevs9GkN\">Anzac<\/a><br \/>\n<a href=\"https:\/\/drive.google.com\/open?id=1yN9emXTlhKuvcWCf_CUu6kWzt003-Sj7\">Kudia<\/a><br \/>\n<a href=\"https:\/\/drive.google.com\/open?id=1YWX8GfMP7-3AkOLjHuNco9-jekElJVOV\">Hiila<\/a><br \/>\nSi voleu donar un cop d&#8217;ull al nostre projecte podeu fer un cop d&#8217;ulls al seg\u00fcents articles:<\/p>\n<ul>\n<li><a href=\"https:\/\/agora.xtec.cat\/instarragona\/portada\/apadrinem-10-ximpanzes\/\">Apadrinem 10 ximpanz\u00e8s!<\/a><\/li>\n<li class=\"entry-title\"><a&hellip;  <a href=\"https:\/\/agora.xtec.cat\/instarragona\/portada\/els-ximpanzes-apadrinats-no-estan-confinats\/\" title=\"Read Els ximpanz\u00e9s apadrinats no estan confinats\">Llegeix m\u00e9s\u00bb<\/a><br \/>\n","protected":false},"author":1,"featured_media":1776,"comment_status":"open","ping_status":"closed","sticky":false,"template":"","format":"standard","meta":{"_bbp_topic_count":0,"_bbp_reply_count":0,"_bbp_total_topic_count":0,"_bbp_total_reply_count":0,"_bbp_voice_count":0,"_bbp_anonymous_reply_count":0,"_bbp_topic_count_hidden":0,"_bbp_reply_count_hidden":0,"_bbp_forum_subforum_count":0,"footnotes":""},"categories":[29,100],"tags":[99,127],"class_list":["post-1774","post","type-post","status-publish","format-standard","has-post-thumbnail","hentry","category-portada","category-projectes","tag-projectes","tag-religio"],"post_mailing_queue_ids":[],"_links":{"self":[{"href":"https:\/\/agora.xtec.cat\/instarragona\/wp-json\/wp\/v2\/posts\/1774","targetHints":{"allow":["GET"]}}],"collection":[{"href":"https:\/\/agora.xtec.cat\/instarragona\/wp-json\/wp\/v2\/posts"}],"about":[{"href":"https:\/\/agora.xtec.cat\/instarragona\/wp-json\/wp\/v2\/types\/post"}],"author":[{"embeddable":true,"href":"https:\/\/agora.xtec.cat\/instarragona\/wp-json\/wp\/v2\/users\/1"}],"replies":[{"embeddable":true,"href":"https:\/\/agora.xtec.cat\/instarragona\/wp-json\/wp\/v2\/comments?post=1774"}],"version-history":[{"count":3,"href":"https:\/\/agora.xtec.cat\/instarragona\/wp-json\/wp\/v2\/posts\/1774\/revisions"}],"predecessor-version":[{"id":1779,"href":"https:\/\/agora.xtec.cat\/instarragona\/wp-json\/wp\/v2\/posts\/1774\/revisions\/1779"}],"wp:featuredmedia":[{"embeddable":true,"href":"https:\/\/agora.xtec.cat\/instarragona\/wp-json\/wp\/v2\/media\/1776"}],"wp:attachment":[{"href":"https:\/\/agora.xtec.cat\/instarragona\/wp-json\/wp\/v2\/media?parent=1774"}],"wp:term":[{"taxonomy":"category","embeddable":true,"href":"https:\/\/agora.xtec.cat\/instarragona\/wp-json\/wp\/v2\/categories?post=1774"},{"taxonomy":"post_tag","embeddable":true,"href":"https:\/\/agora.xtec.cat\/instarragona\/wp-json\/wp\/v2\/tags?post=1774"}],"curies":[{"name":"wp","href":"https:\/\/api.w.org\/{rel}","templated":true}]}}