{"id":1700,"date":"2020-04-16T13:46:43","date_gmt":"2020-04-16T11:46:43","guid":{"rendered":"http:\/\/agora.xtec.cat\/instarragona\/?p=1700"},"modified":"2020-04-16T13:47:59","modified_gmt":"2020-04-16T11:47:59","slug":"dos-alumnes-van-marxar-a-franca-no-us-ho-haviem-explicat","status":"publish","type":"post","link":"https:\/\/agora.xtec.cat\/instarragona\/eso\/eso-4\/dos-alumnes-van-marxar-a-franca-no-us-ho-haviem-explicat\/","title":{"rendered":"Dos alumnes van marxar a Fran\u00e7a. No us ho hav\u00edem explicat!"},"content":{"rendered":"<p>El passat gener l&#8217;Alba Mart\u00ednez de Villa i el Biel Ramon, alumnes de 4t, van anar a Grenoble per realitzar un intercanvi amb alumnes francesos organitzat pel Departament\u00a0 d&#8217;Educaci\u00f3 de la Generalitat de Catalunya i les Acad\u00e8mies franceses de Grenoble i Montpellier.<br \/>\nLa parella de l&#8217;Alba va ser la Malia i va anar al Lyc\u00e9e Louis Armand. La parella del Biel va ser l&#8217;Ian i va anar al Lyc\u00e9e Jean Pr\u00e9vost.<br \/>\nTant l&#8217;Alba com el Biel coincideixen a valorar aquestes quatre setmanes a Fran\u00e7a com una experi\u00e8ncia inoblidable. A part de posar en pr\u00e0ctica els coneixements que tenien del franc\u00e8s i millorar-ne la flu\u00efdesa, tamb\u00e9 els ha servit com a experi\u00e8ncia personal, ja que s&#8217;han hagut d&#8217;adaptar a un lloc i a una gent que no coneixien de res. A part, han pogut con\u00e8ixer un altre sistema educatiu diferent al catal\u00e0. A m\u00e9s, van tenir la sort de poder practicar esports que no havien fet mai o dels que no s\u00f3n habituals a Tarragona, com l&#8217;esqu\u00ed, l&#8217;escalada o altres esports de muntanya.<br \/>\nPoc despr\u00e9s de la seva arribada a Tarragona, vam rebre la Malia i l&#8217;Ian amb els bra\u00e7os oberts. Els dos seguien la majoria de les classes de 4t, tot i que es va intentar que sumessin m\u00e9s hores de castell\u00e0 per estar el m\u00e0xim possible en un entorn castellanoparlant.<br \/>\nMalauradament, no van poder acabar la seva estada a Tarragona degut a la interrupci\u00f3 de les classes el 13 de mar\u00e7. Per\u00f2 esperem que l&#8217;Alba, la Malia, el Biel i l&#8217;Ian es puguin retrobar m\u00e9s endavant i mantenir l&#8217;amistat .<\/p>\n<p><a href=\"https:\/\/agora.xtec.cat\/instarragona\/wp-content\/uploads\/usu484\/2020\/04\/IMG-20200404-WA0021.jpg\"><img loading=\"lazy\" decoding=\"async\" class=\"aligncenter size-large wp-image-1701\" src=\"https:\/\/agora.xtec.cat\/instarragona\/wp-content\/uploads\/usu484\/2020\/04\/IMG-20200404-WA0021-473x1024.jpg\" alt=\"\" width=\"473\" height=\"1024\" srcset=\"https:\/\/agora.xtec.cat\/instarragona\/wp-content\/uploads\/usu484\/2020\/04\/IMG-20200404-WA0021-473x1024.jpg 473w, https:\/\/agora.xtec.cat\/instarragona\/wp-content\/uploads\/usu484\/2020\/04\/IMG-20200404-WA0021-138x300.jpg 138w, https:\/\/agora.xtec.cat\/instarragona\/wp-content\/uploads\/usu484\/2020\/04\/IMG-20200404-WA0021.jpg 720w\" sizes=\"auto, (max-width: 473px) 100vw, 473px\" \/><\/a><\/p>\n<p>&nbsp;<\/p>\n<p><a href=\"https:\/\/agora.xtec.cat\/instarragona\/wp-content\/uploads\/usu484\/2020\/04\/IMG-20200405-WA0001.jpg\"><img loading=\"lazy\" decoding=\"async\" class=\"aligncenter size-large wp-image-1702\" src=\"https:\/\/agora.xtec.cat\/instarragona\/wp-content\/uploads\/usu484\/2020\/04\/IMG-20200405-WA0001-473x1024.jpg\" alt=\"\" width=\"473\" height=\"1024\" srcset=\"https:\/\/agora.xtec.cat\/instarragona\/wp-content\/uploads\/usu484\/2020\/04\/IMG-20200405-WA0001-473x1024.jpg 473w, https:\/\/agora.xtec.cat\/instarragona\/wp-content\/uploads\/usu484\/2020\/04\/IMG-20200405-WA0001-138x300.jpg 138w, https:\/\/agora.xtec.cat\/instarragona\/wp-content\/uploads\/usu484\/2020\/04\/IMG-20200405-WA0001.jpg 720w\" sizes=\"auto, (max-width: 473px) 100vw, 473px\" \/><\/a><\/p>\n<p>&nbsp;<\/p>\n<p><a href=\"https:\/\/agora.xtec.cat\/instarragona\/wp-content\/uploads\/usu484\/2020\/04\/IMG-20200407-WA0014.jpg\"><img loading=\"lazy\" decoding=\"async\" class=\"aligncenter size-large wp-image-1703\" src=\"https:\/\/agora.xtec.cat\/instarragona\/wp-content\/uploads\/usu484\/2020\/04\/IMG-20200407-WA0014-765x1024.jpg\" alt=\"\" width=\"765\" height=\"1024\" srcset=\"https:\/\/agora.xtec.cat\/instarragona\/wp-content\/uploads\/usu484\/2020\/04\/IMG-20200407-WA0014-765x1024.jpg 765w, https:\/\/agora.xtec.cat\/instarragona\/wp-content\/uploads\/usu484\/2020\/04\/IMG-20200407-WA0014-224x300.jpg 224w, https:\/\/agora.xtec.cat\/instarragona\/wp-content\/uploads\/usu484\/2020\/04\/IMG-20200407-WA0014-768x1028.jpg 768w, https:\/\/agora.xtec.cat\/instarragona\/wp-content\/uploads\/usu484\/2020\/04\/IMG-20200407-WA0014.jpg 1080w\" sizes=\"auto, (max-width: 765px) 100vw, 765px\" \/><\/a><\/p>\n","protected":false},"excerpt":{"rendered":"<p>El passat gener l&#8217;Alba Mart\u00ednez de Villa i el Biel Ramon, alumnes de 4t, van anar a Grenoble per realitzar un intercanvi amb alumnes francesos organitzat pel Departament\u00a0 d&#8217;Educaci\u00f3 de la Generalitat de Catalunya i les Acad\u00e8mies franceses de Grenoble i Montpellier.<br \/>\nLa parella de l&#8217;Alba&hellip;  <a href=\"https:\/\/agora.xtec.cat\/instarragona\/eso\/eso-4\/dos-alumnes-van-marxar-a-franca-no-us-ho-haviem-explicat\/\" title=\"Read Dos alumnes van marxar a Fran\u00e7a. No us ho hav\u00edem explicat!\">Llegeix m\u00e9s\u00bb<\/a><\/p>\n","protected":false},"author":1,"featured_media":1704,"comment_status":"open","ping_status":"closed","sticky":false,"template":"","format":"standard","meta":{"_bbp_topic_count":0,"_bbp_reply_count":0,"_bbp_total_topic_count":0,"_bbp_total_reply_count":0,"_bbp_voice_count":0,"_bbp_anonymous_reply_count":0,"_bbp_topic_count_hidden":0,"_bbp_reply_count_hidden":0,"_bbp_forum_subforum_count":0,"footnotes":""},"categories":[7,29],"tags":[126,105],"class_list":["post-1700","post","type-post","status-publish","format-standard","has-post-thumbnail","hentry","category-eso-4","category-portada","tag-frances","tag-intercanvis"],"post_mailing_queue_ids":[],"_links":{"self":[{"href":"https:\/\/agora.xtec.cat\/instarragona\/wp-json\/wp\/v2\/posts\/1700","targetHints":{"allow":["GET"]}}],"collection":[{"href":"https:\/\/agora.xtec.cat\/instarragona\/wp-json\/wp\/v2\/posts"}],"about":[{"href":"https:\/\/agora.xtec.cat\/instarragona\/wp-json\/wp\/v2\/types\/post"}],"author":[{"embeddable":true,"href":"https:\/\/agora.xtec.cat\/instarragona\/wp-json\/wp\/v2\/users\/1"}],"replies":[{"embeddable":true,"href":"https:\/\/agora.xtec.cat\/instarragona\/wp-json\/wp\/v2\/comments?post=1700"}],"version-history":[{"count":2,"href":"https:\/\/agora.xtec.cat\/instarragona\/wp-json\/wp\/v2\/posts\/1700\/revisions"}],"predecessor-version":[{"id":1706,"href":"https:\/\/agora.xtec.cat\/instarragona\/wp-json\/wp\/v2\/posts\/1700\/revisions\/1706"}],"wp:featuredmedia":[{"embeddable":true,"href":"https:\/\/agora.xtec.cat\/instarragona\/wp-json\/wp\/v2\/media\/1704"}],"wp:attachment":[{"href":"https:\/\/agora.xtec.cat\/instarragona\/wp-json\/wp\/v2\/media?parent=1700"}],"wp:term":[{"taxonomy":"category","embeddable":true,"href":"https:\/\/agora.xtec.cat\/instarragona\/wp-json\/wp\/v2\/categories?post=1700"},{"taxonomy":"post_tag","embeddable":true,"href":"https:\/\/agora.xtec.cat\/instarragona\/wp-json\/wp\/v2\/tags?post=1700"}],"curies":[{"name":"wp","href":"https:\/\/api.w.org\/{rel}","templated":true}]}}