{"id":1690,"date":"2020-04-03T11:51:53","date_gmt":"2020-04-03T09:51:53","guid":{"rendered":"http:\/\/agora.xtec.cat\/instarragona\/?p=1690"},"modified":"2020-04-03T12:00:53","modified_gmt":"2020-04-03T10:00:53","slug":"adolescents-confinats","status":"publish","type":"post","link":"https:\/\/agora.xtec.cat\/instarragona\/portada\/adolescents-confinats\/","title":{"rendered":"Adolescents confinats"},"content":{"rendered":"<p><a href=\"https:\/\/drive.google.com\/open?id=1wZEy1xLKffpL7IfDcg8MWE2kwMHgq-sa\" target=\"_blank\" rel=\"noopener noreferrer\"><img loading=\"lazy\" decoding=\"async\" class=\"wp-image-1692 size-full aligncenter\" src=\"https:\/\/agora.xtec.cat\/instarragona\/wp-content\/uploads\/usu484\/2020\/04\/Captura2.jpg\" alt=\"\" width=\"624\" height=\"377\" srcset=\"https:\/\/agora.xtec.cat\/instarragona\/wp-content\/uploads\/usu484\/2020\/04\/Captura2.jpg 624w, https:\/\/agora.xtec.cat\/instarragona\/wp-content\/uploads\/usu484\/2020\/04\/Captura2-300x181.jpg 300w\" sizes=\"auto, (max-width: 624px) 100vw, 624px\" \/><\/a><\/p>\n<p style=\"text-align: center;\">Feu <a href=\"https:\/\/drive.google.com\/open?id=1wZEy1xLKffpL7IfDcg8MWE2kwMHgq-sa\">clic<\/a> a la imatge per tenir tota la informaci\u00f3.<\/p>\n<p>Et costa afrontar el confinament? Tens por? Necessites consell per fer front a aquests dies? En aquest <a href=\"https:\/\/adolescents.naciodigital.cat\/consultori\/categoria\/5\" target=\"_blank\" rel=\"noopener noreferrer\">enlla\u00e7<\/a> a adolescents.cat potser tamb\u00e9 hi trobar\u00e0s all\u00f2 que necessites.<\/p>\n<p><a href=\"https:\/\/adolescents.naciodigital.cat\/consultori\/categoria\/5\" target=\"_blank\" rel=\"noopener noreferrer\"><img loading=\"lazy\" decoding=\"async\" class=\"aligncenter wp-image-1691 size-full\" src=\"https:\/\/agora.xtec.cat\/instarragona\/wp-content\/uploads\/usu484\/2020\/04\/Captura-1.jpg\" alt=\"\" width=\"601\" height=\"250\" srcset=\"https:\/\/agora.xtec.cat\/instarragona\/wp-content\/uploads\/usu484\/2020\/04\/Captura-1.jpg 601w, https:\/\/agora.xtec.cat\/instarragona\/wp-content\/uploads\/usu484\/2020\/04\/Captura-1-300x125.jpg 300w\" sizes=\"auto, (max-width: 601px) 100vw, 601px\" \/><\/a><\/p>\n<p>Molts \u00e0nims a tots!<\/p>\n<p>&nbsp;<\/p>\n<p>&nbsp;<\/p>\n","protected":false},"excerpt":{"rendered":"<p><a href=\"https:\/\/drive.google.com\/open?id=1wZEy1xLKffpL7IfDcg8MWE2kwMHgq-sa\" target=\"_blank\" rel=\"noopener noreferrer\"><\/a><br \/>\nFeu <a href=\"https:\/\/drive.google.com\/open?id=1wZEy1xLKffpL7IfDcg8MWE2kwMHgq-sa\">clic<\/a> a la imatge per tenir tota la informaci\u00f3.<br \/>\nEt costa afrontar el confinament? Tens por? Necessites consell per fer front a aquests dies? En aquest <a href=\"https:\/\/adolescents.naciodigital.cat\/consultori\/categoria\/5\" target=\"_blank\" rel=\"noopener noreferrer\">enlla\u00e7<\/a> a adolescents.cat potser tamb\u00e9 hi trobar\u00e0s all\u00f2 que necessites.<br \/>\n<a&hellip;  <a href=\"https:\/\/agora.xtec.cat\/instarragona\/portada\/adolescents-confinats\/\" title=\"Read Adolescents confinats\">Llegeix m\u00e9s\u00bb<\/a><\/p>\n","protected":false},"author":1,"featured_media":1691,"comment_status":"open","ping_status":"closed","sticky":false,"template":"","format":"standard","meta":{"_bbp_topic_count":0,"_bbp_reply_count":0,"_bbp_total_topic_count":0,"_bbp_total_reply_count":0,"_bbp_voice_count":0,"_bbp_anonymous_reply_count":0,"_bbp_topic_count_hidden":0,"_bbp_reply_count_hidden":0,"_bbp_forum_subforum_count":0,"footnotes":""},"categories":[29],"tags":[],"class_list":["post-1690","post","type-post","status-publish","format-standard","has-post-thumbnail","hentry","category-portada"],"post_mailing_queue_ids":[],"_links":{"self":[{"href":"https:\/\/agora.xtec.cat\/instarragona\/wp-json\/wp\/v2\/posts\/1690","targetHints":{"allow":["GET"]}}],"collection":[{"href":"https:\/\/agora.xtec.cat\/instarragona\/wp-json\/wp\/v2\/posts"}],"about":[{"href":"https:\/\/agora.xtec.cat\/instarragona\/wp-json\/wp\/v2\/types\/post"}],"author":[{"embeddable":true,"href":"https:\/\/agora.xtec.cat\/instarragona\/wp-json\/wp\/v2\/users\/1"}],"replies":[{"embeddable":true,"href":"https:\/\/agora.xtec.cat\/instarragona\/wp-json\/wp\/v2\/comments?post=1690"}],"version-history":[{"count":3,"href":"https:\/\/agora.xtec.cat\/instarragona\/wp-json\/wp\/v2\/posts\/1690\/revisions"}],"predecessor-version":[{"id":1695,"href":"https:\/\/agora.xtec.cat\/instarragona\/wp-json\/wp\/v2\/posts\/1690\/revisions\/1695"}],"wp:featuredmedia":[{"embeddable":true,"href":"https:\/\/agora.xtec.cat\/instarragona\/wp-json\/wp\/v2\/media\/1691"}],"wp:attachment":[{"href":"https:\/\/agora.xtec.cat\/instarragona\/wp-json\/wp\/v2\/media?parent=1690"}],"wp:term":[{"taxonomy":"category","embeddable":true,"href":"https:\/\/agora.xtec.cat\/instarragona\/wp-json\/wp\/v2\/categories?post=1690"},{"taxonomy":"post_tag","embeddable":true,"href":"https:\/\/agora.xtec.cat\/instarragona\/wp-json\/wp\/v2\/tags?post=1690"}],"curies":[{"name":"wp","href":"https:\/\/api.w.org\/{rel}","templated":true}]}}