{"id":1659,"date":"2020-03-13T09:25:48","date_gmt":"2020-03-13T08:25:48","guid":{"rendered":"http:\/\/agora.xtec.cat\/instarragona\/?p=1659"},"modified":"2020-03-13T09:26:48","modified_gmt":"2020-03-13T08:26:48","slug":"xerrada-de-mans-unides","status":"publish","type":"post","link":"https:\/\/agora.xtec.cat\/instarragona\/eso\/eso-1\/xerrada-de-mans-unides\/","title":{"rendered":"Xerrada de Mans Unides"},"content":{"rendered":"<p>Aquests dies ens han vingut a fer unes xerrades als alumnes de 4t i 1r de Religi\u00f3 unes volunt\u00e0ries de Mans Unides.<br \/>\nEls alumnes de 4t hem escoltat a la Maria que s\u2019ha centrat en la Feminitzaci\u00f3 de la pobresa. A partir de retalls de premsa amb protagonistes an\u00f2nims i d\u2019altres m\u00e9s medi\u00e0tics com la mateixa Malala hem fet un rep\u00e0s a la situaci\u00f3 real de les dones, sobretot en les zones m\u00e9s desfavorides. Ens ha fet veure la import\u00e0ncia de l\u2019educaci\u00f3 com a eina per poder canviar aquesta realitat. Els de 1r hem pres nota de la realitat de l\u2019\u00cdndia a partir de les viv\u00e8ncies de la Maria Ant\u00f2nia i la hist\u00f2ria d\u2019en Kabil que ens ha explicat la Maria Ramon.<\/p>\n<p>Totes dues no ens han deixat indiferents. Gr\u00e0cies!<\/p>\n<p><a href=\"https:\/\/agora.xtec.cat\/instarragona\/wp-content\/uploads\/usu484\/2020\/03\/IMG_20200311_230521_141.jpg\"><img loading=\"lazy\" decoding=\"async\" class=\"aligncenter size-large wp-image-1660\" src=\"https:\/\/agora.xtec.cat\/instarragona\/wp-content\/uploads\/usu484\/2020\/03\/IMG_20200311_230521_141-1024x614.jpg\" alt=\"\" width=\"1024\" height=\"614\" srcset=\"https:\/\/agora.xtec.cat\/instarragona\/wp-content\/uploads\/usu484\/2020\/03\/IMG_20200311_230521_141-1024x614.jpg 1024w, https:\/\/agora.xtec.cat\/instarragona\/wp-content\/uploads\/usu484\/2020\/03\/IMG_20200311_230521_141-300x180.jpg 300w, https:\/\/agora.xtec.cat\/instarragona\/wp-content\/uploads\/usu484\/2020\/03\/IMG_20200311_230521_141-768x461.jpg 768w\" sizes=\"auto, (max-width: 1024px) 100vw, 1024px\" \/><\/a><\/p>\n<p>&nbsp;<\/p>\n<p>&nbsp;<\/p>\n","protected":false},"excerpt":{"rendered":"<p>Aquests dies ens han vingut a fer unes xerrades als alumnes de 4t i 1r de Religi\u00f3 unes volunt\u00e0ries de Mans Unides.<br \/>\nEls alumnes de 4t hem escoltat a la Maria que s\u2019ha centrat en la Feminitzaci\u00f3 de la pobresa. A partir de retalls de premsa&hellip;  <a href=\"https:\/\/agora.xtec.cat\/instarragona\/eso\/eso-1\/xerrada-de-mans-unides\/\" title=\"Read Xerrada de Mans Unides\">Llegeix m\u00e9s\u00bb<\/a><\/p>\n","protected":false},"author":1,"featured_media":1660,"comment_status":"open","ping_status":"closed","sticky":false,"template":"","format":"standard","meta":{"_bbp_topic_count":0,"_bbp_reply_count":0,"_bbp_total_topic_count":0,"_bbp_total_reply_count":0,"_bbp_voice_count":0,"_bbp_anonymous_reply_count":0,"_bbp_topic_count_hidden":0,"_bbp_reply_count_hidden":0,"_bbp_forum_subforum_count":0,"footnotes":""},"categories":[4,7,29],"tags":[],"class_list":["post-1659","post","type-post","status-publish","format-standard","has-post-thumbnail","hentry","category-eso-1","category-eso-4","category-portada"],"post_mailing_queue_ids":[],"_links":{"self":[{"href":"https:\/\/agora.xtec.cat\/instarragona\/wp-json\/wp\/v2\/posts\/1659","targetHints":{"allow":["GET"]}}],"collection":[{"href":"https:\/\/agora.xtec.cat\/instarragona\/wp-json\/wp\/v2\/posts"}],"about":[{"href":"https:\/\/agora.xtec.cat\/instarragona\/wp-json\/wp\/v2\/types\/post"}],"author":[{"embeddable":true,"href":"https:\/\/agora.xtec.cat\/instarragona\/wp-json\/wp\/v2\/users\/1"}],"replies":[{"embeddable":true,"href":"https:\/\/agora.xtec.cat\/instarragona\/wp-json\/wp\/v2\/comments?post=1659"}],"version-history":[{"count":1,"href":"https:\/\/agora.xtec.cat\/instarragona\/wp-json\/wp\/v2\/posts\/1659\/revisions"}],"predecessor-version":[{"id":1661,"href":"https:\/\/agora.xtec.cat\/instarragona\/wp-json\/wp\/v2\/posts\/1659\/revisions\/1661"}],"wp:featuredmedia":[{"embeddable":true,"href":"https:\/\/agora.xtec.cat\/instarragona\/wp-json\/wp\/v2\/media\/1660"}],"wp:attachment":[{"href":"https:\/\/agora.xtec.cat\/instarragona\/wp-json\/wp\/v2\/media?parent=1659"}],"wp:term":[{"taxonomy":"category","embeddable":true,"href":"https:\/\/agora.xtec.cat\/instarragona\/wp-json\/wp\/v2\/categories?post=1659"},{"taxonomy":"post_tag","embeddable":true,"href":"https:\/\/agora.xtec.cat\/instarragona\/wp-json\/wp\/v2\/tags?post=1659"}],"curies":[{"name":"wp","href":"https:\/\/api.w.org\/{rel}","templated":true}]}}