{"id":1645,"date":"2020-03-06T09:56:34","date_gmt":"2020-03-06T08:56:34","guid":{"rendered":"http:\/\/agora.xtec.cat\/instarragona\/?p=1645"},"modified":"2020-03-13T09:30:37","modified_gmt":"2020-03-13T08:30:37","slug":"soc-de-la-generacio-de-la-igualtat","status":"publish","type":"post","link":"https:\/\/agora.xtec.cat\/instarragona\/portada\/soc-de-la-generacio-de-la-igualtat\/","title":{"rendered":"S\u00f3c de la generaci\u00f3 de la igualtat"},"content":{"rendered":"<h2 style=\"text-align: center;\"><span style=\"color: #008000;\"><strong>S\u00f3c de la generaci\u00f3 igualtat: <\/strong><\/span><\/h2>\n<h4 style=\"text-align: center;\"><span style=\"color: #008000;\"><strong>pels drets de les dones<\/strong><\/span><\/h4>\n<p style=\"text-align: center;\">Aquest \u00e9s el lema de les Nacions Unides pel dia de la dona d&#8217;aquest any.<\/p>\n<p>Des de l&#8217;inici de la revoluci\u00f3 industrial, \u00e0mplies capes de la poblaci\u00f3 femenina dels sectors populars es van incorporar al treball assalariat. Aquesta incorporaci\u00f3 no les exim\u00ed, per\u00f2, de continuar sent responsables del treball de cura de les persones del grup familiar ni de les activitats dom\u00e8stiques.\u00a0Les prec\u00e0ries i dif\u00edcils condicions de treball industrial van provocar, des de mitjans del segle XIX, l&#8217;aparici\u00f3 de moviments de dones que reivindicaven millors condicions laborals, com ara la reducci\u00f3 de la jornada laboral, la limitaci\u00f3 de l&#8217;edat de treball de les criatures, la prohibici\u00f3 de l&#8217;horari nocturn per a les dones, la compensaci\u00f3 econ\u00f2mica per accidents laborals i les mesures per prevenir-los.<\/p>\n<p>Parlem del segle XIX i ens sembla molt i molt lluny, per\u00f2 la lluita per arribar a una igualtat real de drets continua i malauradament \u00e9s d&#8217;absoluta actualitat. Drets relacionats amb el treball, amb les responsabilitats familiars, amb la igualtat d&#8217;oportunitats&#8230; s\u00f3n de vital import\u00e0ncia i urgents en la nostra societat actual i correspon a all\u00f2 que ja no podem endarrerir m\u00e9s. Les nostres alumnes i les dones d&#8217;arreu, en ple segle XXI, haurien de tenir ja, d&#8217;una vegada per totes, la garantia que la igualtat ja \u00e9s aqu\u00ed!.<\/p>\n<p><a href=\"https:\/\/agora.xtec.cat\/instarragona\/wp-content\/uploads\/usu484\/2020\/03\/IMG_20200306_093129.jpg\"><img loading=\"lazy\" decoding=\"async\" class=\"aligncenter size-full wp-image-1647\" src=\"https:\/\/agora.xtec.cat\/instarragona\/wp-content\/uploads\/usu484\/2020\/03\/IMG_20200306_093129.jpg\" alt=\"\" width=\"647\" height=\"489\" srcset=\"https:\/\/agora.xtec.cat\/instarragona\/wp-content\/uploads\/usu484\/2020\/03\/IMG_20200306_093129.jpg 647w, https:\/\/agora.xtec.cat\/instarragona\/wp-content\/uploads\/usu484\/2020\/03\/IMG_20200306_093129-300x227.jpg 300w, https:\/\/agora.xtec.cat\/instarragona\/wp-content\/uploads\/usu484\/2020\/03\/IMG_20200306_093129-200x150.jpg 200w\" sizes=\"auto, (max-width: 647px) 100vw, 647px\" \/><\/a><\/p>\n<p><a href=\"https:\/\/agora.xtec.cat\/instarragona\/wp-content\/uploads\/usu484\/2020\/03\/IMG_20200306_093151.jpg\"><img loading=\"lazy\" decoding=\"async\" class=\"aligncenter size-large wp-image-1648\" src=\"https:\/\/agora.xtec.cat\/instarragona\/wp-content\/uploads\/usu484\/2020\/03\/IMG_20200306_093151.jpg\" alt=\"\" width=\"364\" height=\"492\" srcset=\"https:\/\/agora.xtec.cat\/instarragona\/wp-content\/uploads\/usu484\/2020\/03\/IMG_20200306_093151.jpg 364w, https:\/\/agora.xtec.cat\/instarragona\/wp-content\/uploads\/usu484\/2020\/03\/IMG_20200306_093151-222x300.jpg 222w\" sizes=\"auto, (max-width: 364px) 100vw, 364px\" \/><\/a><\/p>\n<p><a href=\"https:\/\/agora.xtec.cat\/instarragona\/wp-content\/uploads\/usu484\/2020\/03\/Captura-1.jpg\"><img loading=\"lazy\" decoding=\"async\" class=\"aligncenter size-large wp-image-1649\" src=\"https:\/\/agora.xtec.cat\/instarragona\/wp-content\/uploads\/usu484\/2020\/03\/Captura-1.jpg\" alt=\"\" width=\"365\" height=\"489\" srcset=\"https:\/\/agora.xtec.cat\/instarragona\/wp-content\/uploads\/usu484\/2020\/03\/Captura-1.jpg 365w, https:\/\/agora.xtec.cat\/instarragona\/wp-content\/uploads\/usu484\/2020\/03\/Captura-1-224x300.jpg 224w\" sizes=\"auto, (max-width: 365px) 100vw, 365px\" \/><\/a><\/p>\n<p>Des de la SIEI ens han ofert aquest preci\u00f3s detall:<\/p>\n<p><a href=\"https:\/\/agora.xtec.cat\/instarragona\/wp-content\/uploads\/usu484\/2020\/03\/image.jpeg\"><img loading=\"lazy\" decoding=\"async\" class=\"aligncenter  wp-image-1663\" src=\"https:\/\/agora.xtec.cat\/instarragona\/wp-content\/uploads\/usu484\/2020\/03\/image-576x1024.jpeg\" alt=\"\" width=\"403\" height=\"718\" \/><\/a><\/p>\n","protected":false},"excerpt":{"rendered":"<p>S\u00f3c de la generaci\u00f3 igualtat:<br \/>\npels drets de les dones<br \/>\nAquest \u00e9s el lema de les Nacions Unides pel dia de la dona d&#8217;aquest any.<br \/>\nDes de l&#8217;inici de la revoluci\u00f3 industrial, \u00e0mplies capes de la poblaci\u00f3 femenina dels sectors populars es van incorporar al treball assalariat.&hellip;  <a href=\"https:\/\/agora.xtec.cat\/instarragona\/portada\/soc-de-la-generacio-de-la-igualtat\/\" title=\"Read S\u00f3c de la generaci\u00f3 de la igualtat\">Llegeix m\u00e9s\u00bb<\/a><\/p>\n","protected":false},"author":1,"featured_media":1647,"comment_status":"open","ping_status":"closed","sticky":false,"template":"","format":"standard","meta":{"_bbp_topic_count":0,"_bbp_reply_count":0,"_bbp_total_topic_count":0,"_bbp_total_reply_count":0,"_bbp_voice_count":0,"_bbp_anonymous_reply_count":0,"_bbp_topic_count_hidden":0,"_bbp_reply_count_hidden":0,"_bbp_forum_subforum_count":0,"footnotes":""},"categories":[29],"tags":[],"class_list":["post-1645","post","type-post","status-publish","format-standard","has-post-thumbnail","hentry","category-portada"],"post_mailing_queue_ids":[],"_links":{"self":[{"href":"https:\/\/agora.xtec.cat\/instarragona\/wp-json\/wp\/v2\/posts\/1645","targetHints":{"allow":["GET"]}}],"collection":[{"href":"https:\/\/agora.xtec.cat\/instarragona\/wp-json\/wp\/v2\/posts"}],"about":[{"href":"https:\/\/agora.xtec.cat\/instarragona\/wp-json\/wp\/v2\/types\/post"}],"author":[{"embeddable":true,"href":"https:\/\/agora.xtec.cat\/instarragona\/wp-json\/wp\/v2\/users\/1"}],"replies":[{"embeddable":true,"href":"https:\/\/agora.xtec.cat\/instarragona\/wp-json\/wp\/v2\/comments?post=1645"}],"version-history":[{"count":3,"href":"https:\/\/agora.xtec.cat\/instarragona\/wp-json\/wp\/v2\/posts\/1645\/revisions"}],"predecessor-version":[{"id":1664,"href":"https:\/\/agora.xtec.cat\/instarragona\/wp-json\/wp\/v2\/posts\/1645\/revisions\/1664"}],"wp:featuredmedia":[{"embeddable":true,"href":"https:\/\/agora.xtec.cat\/instarragona\/wp-json\/wp\/v2\/media\/1647"}],"wp:attachment":[{"href":"https:\/\/agora.xtec.cat\/instarragona\/wp-json\/wp\/v2\/media?parent=1645"}],"wp:term":[{"taxonomy":"category","embeddable":true,"href":"https:\/\/agora.xtec.cat\/instarragona\/wp-json\/wp\/v2\/categories?post=1645"},{"taxonomy":"post_tag","embeddable":true,"href":"https:\/\/agora.xtec.cat\/instarragona\/wp-json\/wp\/v2\/tags?post=1645"}],"curies":[{"name":"wp","href":"https:\/\/api.w.org\/{rel}","templated":true}]}}