{"id":1603,"date":"2020-02-18T10:27:48","date_gmt":"2020-02-18T09:27:48","guid":{"rendered":"http:\/\/agora.xtec.cat\/instarragona\/?p=1603"},"modified":"2020-02-18T10:32:08","modified_gmt":"2020-02-18T09:32:08","slug":"visitem-les-mines-de-bellmunt-amb-3r-eso","status":"publish","type":"post","link":"https:\/\/agora.xtec.cat\/instarragona\/eso\/eso-3\/visitem-les-mines-de-bellmunt-amb-3r-eso\/","title":{"rendered":"Visitem les mines de Bellmunt amb 3r ESO"},"content":{"rendered":"<p>Els alumnes de tercer d\u2019ESO van visitar el Museu de les <strong><a href=\"http:\/\/minesbellmunt.com\/\">Mines de Bellmunt del Priorat<\/a> <\/strong>en una sortida organitzada pel departament de ci\u00e8ncies socials. En aquesta visita els alumnes van poder veure com funcionaven i com es treballa en aquestes mines, \u00a0com va ser d\u2019important l\u2019activitat minera durant els primers anys del segle XX, el seu posterior i r\u00e0pid declivi fins al tancament de les mines al 1972. I la transformaci\u00f3 de les mines en un equipament cultural i en un recurs tur\u00edstic que ajuda a dinamitzar l\u2019economia de la comarca del Priorat.<\/p>\n<p>L\u2019experi\u00e8ncia inclou la visita guiada a la primera planta de la Mina Eug\u00e8nia. El recorregut es fa a peu i ens permet endinsar fins a 35 metres de profunditat i rec\u00f3rrer uns 700 metres de galeries a trav\u00e9s de l\u2019explotaci\u00f3 m\u00e9s antiga d\u2019aquesta mina, desenvolupada durant l\u2019\u00faltim ter\u00e7 del segle XIX. Vam poder observar les caracter\u00edstiques geomorfol\u00f2giques del jaciment i el m\u00e8tode de recerca i d\u2019extracci\u00f3 del mineral, gr\u00e0cies a una s\u00e8rie d\u2019escenografies que representen les diferents tasques que els miners duien a terme.<\/p>\n<p>Molt interessant. Una visita absolutament recomenable!<\/p>\n<p><script src=\"https:\/\/cdn.jsdelivr.net\/npm\/publicalbum@latest\/embed-ui.min.js\" async><\/script><\/p>\n<div class=\"pa-gallery-player-widget\" style=\"width:100%; height:480px; display:none;\"\n  data-link=\"https:\/\/photos.app.goo.gl\/9bEeWrTmp1FDC49F7\"\n  data-title=\"Mines Bellmunt 3ESO 19-20\"\n  data-description=\"7 new photos added to shared album\"><br \/>\n  <object data=\"https:\/\/lh3.googleusercontent.com\/u_xZPO4jHWwgWDvShiJQD1X4WBJbGiQfHQ_n57waAW2VS60VBKsvmHcbmldXFsr2UYX0QOZATD7xS74jyiUsz6qd4aJ1Cf_qg7-arG-MRfFPzq_EtgURqZydwZUZfMDL0ZqWpMr48A=w1920-h1080\"><\/object><br \/>\n  <object data=\"https:\/\/lh3.googleusercontent.com\/xBcCe4VyOZ4GmXp640QXpM1f2Vvl4zAYP6fFazBv9YjOE5Ayc3_zI0Qa6ZYmtpScV2udA9ukuBCduk3rvzdYhRgfrq6fi5fwPcwBDh1YHu6M6Heu8qzfB8u7hlFZPqvSrVsqAkbydw=w1920-h1080\"><\/object><br \/>\n  <object data=\"https:\/\/lh3.googleusercontent.com\/K-paLelLkgK-z3-0zDpqDuWEj2424ebEdDyp_ej3cF-xpHB2Agk-7DiidjPnmpkWBYjChplt9Yp0rVWXABVZ29gRfzhQd-BwKlwMt6b2ElAxejHwU5zZ8hIMVV40XBtj8dXU97Wm9Q=w1920-h1080\"><\/object><br \/>\n  <object data=\"https:\/\/lh3.googleusercontent.com\/kg45QzjYAc71waRKWy4d9xX8cQnBgC-AclKr-MVsPzUNTV6RetVghdFu9gjKOoOvhhCbhPCba4jgTpiRJF0Gpej6beZ05iyPicq3kDFYX2RURD2Ov2FSsHaLg5Fezsnj3kmJSCLG2w=w1920-h1080\"><\/object><br \/>\n  <object data=\"https:\/\/lh3.googleusercontent.com\/Jsp8GMHMMxQgSAuzZO96lwoG2olwk8HkfP1igIIUxyfbO1oMlcLc7VZCBUHCcO6A1kkhj5N4BD1B5lKLZwCU-RzArmhCBkcztIqb1oPkDO0n4Kp63vLvHdbddbLzNHoJ7d1109_fxw=w1920-h1080\"><\/object><br \/>\n  <object data=\"https:\/\/lh3.googleusercontent.com\/sBFPjB9TgZmN_KF5STiCuQoOxQEViQ9Vt3c6VxXFE6FvoIR2CQTW8II-ysEny3331vhHea-xlMSkHIaAlzANG_9_wFVRchACdJOJW7LaxMMiCQrrl7tEZMRGXaUB7Efd5VGb8_HXMg=w1920-h1080\"><\/object><br \/>\n  <object data=\"https:\/\/lh3.googleusercontent.com\/t46jX0zVAI6szGPys6B-ZNvCezVSLNk_BVu_UBdkH5Y6j0ciyz6ED-bpQV2Mm5VsqfWYl9WFlpoJ0v83MvHdQwr3y7rF5kkoCnNr2AhDX-RPiSfE0sd7rclBpwKR_TXQ9LEN1XMORw=w1920-h1080\"><\/object>\n<\/div>\n","protected":false},"excerpt":{"rendered":"<p>Els alumnes de tercer d\u2019ESO van visitar el Museu de les <a href=\"http:\/\/minesbellmunt.com\/\">Mines de Bellmunt del Priorat<\/a> en una sortida organitzada pel departament de ci\u00e8ncies socials. En aquesta visita els alumnes van poder veure com funcionaven i com es treballa en aquestes mines, \u00a0com va&hellip;  <a href=\"https:\/\/agora.xtec.cat\/instarragona\/eso\/eso-3\/visitem-les-mines-de-bellmunt-amb-3r-eso\/\" title=\"Read Visitem les mines de Bellmunt amb 3r ESO\">Llegeix m\u00e9s\u00bb<\/a><\/p>\n","protected":false},"author":1,"featured_media":1604,"comment_status":"open","ping_status":"closed","sticky":false,"template":"","format":"standard","meta":{"_bbp_topic_count":0,"_bbp_reply_count":0,"_bbp_total_topic_count":0,"_bbp_total_reply_count":0,"_bbp_voice_count":0,"_bbp_anonymous_reply_count":0,"_bbp_topic_count_hidden":0,"_bbp_reply_count_hidden":0,"_bbp_forum_subforum_count":0,"footnotes":""},"categories":[6,29],"tags":[120,39],"class_list":["post-1603","post","type-post","status-publish","format-standard","has-post-thumbnail","hentry","category-eso-3","category-portada","tag-socials","tag-sortides"],"post_mailing_queue_ids":[],"_links":{"self":[{"href":"https:\/\/agora.xtec.cat\/instarragona\/wp-json\/wp\/v2\/posts\/1603","targetHints":{"allow":["GET"]}}],"collection":[{"href":"https:\/\/agora.xtec.cat\/instarragona\/wp-json\/wp\/v2\/posts"}],"about":[{"href":"https:\/\/agora.xtec.cat\/instarragona\/wp-json\/wp\/v2\/types\/post"}],"author":[{"embeddable":true,"href":"https:\/\/agora.xtec.cat\/instarragona\/wp-json\/wp\/v2\/users\/1"}],"replies":[{"embeddable":true,"href":"https:\/\/agora.xtec.cat\/instarragona\/wp-json\/wp\/v2\/comments?post=1603"}],"version-history":[{"count":2,"href":"https:\/\/agora.xtec.cat\/instarragona\/wp-json\/wp\/v2\/posts\/1603\/revisions"}],"predecessor-version":[{"id":1606,"href":"https:\/\/agora.xtec.cat\/instarragona\/wp-json\/wp\/v2\/posts\/1603\/revisions\/1606"}],"wp:featuredmedia":[{"embeddable":true,"href":"https:\/\/agora.xtec.cat\/instarragona\/wp-json\/wp\/v2\/media\/1604"}],"wp:attachment":[{"href":"https:\/\/agora.xtec.cat\/instarragona\/wp-json\/wp\/v2\/media?parent=1603"}],"wp:term":[{"taxonomy":"category","embeddable":true,"href":"https:\/\/agora.xtec.cat\/instarragona\/wp-json\/wp\/v2\/categories?post=1603"},{"taxonomy":"post_tag","embeddable":true,"href":"https:\/\/agora.xtec.cat\/instarragona\/wp-json\/wp\/v2\/tags?post=1603"}],"curies":[{"name":"wp","href":"https:\/\/api.w.org\/{rel}","templated":true}]}}