{"id":1566,"date":"2020-02-11T10:15:46","date_gmt":"2020-02-11T09:15:46","guid":{"rendered":"http:\/\/agora.xtec.cat\/instarragona\/?p=1566"},"modified":"2020-02-11T10:17:18","modified_gmt":"2020-02-11T09:17:18","slug":"projectes-a-la-siei","status":"publish","type":"post","link":"https:\/\/agora.xtec.cat\/instarragona\/portada\/projectes-a-la-siei\/","title":{"rendered":"Projectes a la SIEI"},"content":{"rendered":"<p>El curs 2019-2020 no para a la SIEI. Durant els darrers mesos s&#8217;han engegat molt projectes, alguns d&#8217;ells ja s\u00f3n for\u00e7a conegut d&#8217;altres anys, com ara la ter\u00e0pia de gossos i el projecte integeneracional.<\/p>\n<p>Feu una ullada <a href=\"https:\/\/sites.google.com\/view\/blogsieitgn\/curs-201920\"><strong>al seu bloc<\/strong><\/a>, val molt la pena!<\/p>\n<p><a href=\"https:\/\/agora.xtec.cat\/instarragona\/wp-content\/uploads\/usu484\/2020\/02\/Captura-2.png\"><img loading=\"lazy\" decoding=\"async\" class=\"aligncenter size-full wp-image-1567\" src=\"https:\/\/agora.xtec.cat\/instarragona\/wp-content\/uploads\/usu484\/2020\/02\/Captura-2.png\" alt=\"\" width=\"745\" height=\"500\" srcset=\"https:\/\/agora.xtec.cat\/instarragona\/wp-content\/uploads\/usu484\/2020\/02\/Captura-2.png 745w, https:\/\/agora.xtec.cat\/instarragona\/wp-content\/uploads\/usu484\/2020\/02\/Captura-2-300x201.png 300w\" sizes=\"auto, (max-width: 745px) 100vw, 745px\" \/><\/a><\/p>\n","protected":false},"excerpt":{"rendered":"<p>El curs 2019-2020 no para a la SIEI. Durant els darrers mesos s&#8217;han engegat molt projectes, alguns d&#8217;ells ja s\u00f3n for\u00e7a conegut d&#8217;altres anys, com ara la ter\u00e0pia de gossos i el projecte integeneracional.<br \/>\nFeu una ullada <a href=\"https:\/\/sites.google.com\/view\/blogsieitgn\/curs-201920\">al seu bloc<\/a>, val molt la pena!<br \/>\n<a href=\"https:\/\/agora.xtec.cat\/instarragona\/wp-content\/uploads\/usu484\/2020\/02\/Captura-2.png\"><\/a><\/p>\n","protected":false},"author":1,"featured_media":0,"comment_status":"open","ping_status":"closed","sticky":false,"template":"","format":"standard","meta":{"_bbp_topic_count":0,"_bbp_reply_count":0,"_bbp_total_topic_count":0,"_bbp_total_reply_count":0,"_bbp_voice_count":0,"_bbp_anonymous_reply_count":0,"_bbp_topic_count_hidden":0,"_bbp_reply_count_hidden":0,"_bbp_forum_subforum_count":0,"footnotes":""},"categories":[29],"tags":[99,122],"class_list":["post-1566","post","type-post","status-publish","format-standard","hentry","category-portada","tag-projectes","tag-siei"],"post_mailing_queue_ids":[],"_links":{"self":[{"href":"https:\/\/agora.xtec.cat\/instarragona\/wp-json\/wp\/v2\/posts\/1566","targetHints":{"allow":["GET"]}}],"collection":[{"href":"https:\/\/agora.xtec.cat\/instarragona\/wp-json\/wp\/v2\/posts"}],"about":[{"href":"https:\/\/agora.xtec.cat\/instarragona\/wp-json\/wp\/v2\/types\/post"}],"author":[{"embeddable":true,"href":"https:\/\/agora.xtec.cat\/instarragona\/wp-json\/wp\/v2\/users\/1"}],"replies":[{"embeddable":true,"href":"https:\/\/agora.xtec.cat\/instarragona\/wp-json\/wp\/v2\/comments?post=1566"}],"version-history":[{"count":2,"href":"https:\/\/agora.xtec.cat\/instarragona\/wp-json\/wp\/v2\/posts\/1566\/revisions"}],"predecessor-version":[{"id":1569,"href":"https:\/\/agora.xtec.cat\/instarragona\/wp-json\/wp\/v2\/posts\/1566\/revisions\/1569"}],"wp:attachment":[{"href":"https:\/\/agora.xtec.cat\/instarragona\/wp-json\/wp\/v2\/media?parent=1566"}],"wp:term":[{"taxonomy":"category","embeddable":true,"href":"https:\/\/agora.xtec.cat\/instarragona\/wp-json\/wp\/v2\/categories?post=1566"},{"taxonomy":"post_tag","embeddable":true,"href":"https:\/\/agora.xtec.cat\/instarragona\/wp-json\/wp\/v2\/tags?post=1566"}],"curies":[{"name":"wp","href":"https:\/\/api.w.org\/{rel}","templated":true}]}}