{"id":1558,"date":"2020-02-07T12:05:23","date_gmt":"2020-02-07T11:05:23","guid":{"rendered":"http:\/\/agora.xtec.cat\/instarragona\/?p=1558"},"modified":"2020-02-07T12:05:55","modified_gmt":"2020-02-07T11:05:55","slug":"linstitut-guttmann-sempre-ens-fa-pensar","status":"publish","type":"post","link":"https:\/\/agora.xtec.cat\/instarragona\/batxillerat\/linstitut-guttmann-sempre-ens-fa-pensar\/","title":{"rendered":"L&#8217;Institut Guttmann sempre ens fa pensar"},"content":{"rendered":"<p>L&#8217;Andreu Castro de l<strong>&#8216;<\/strong><a href=\"https:\/\/www.guttmann.com\/ca\"><strong>institut Guttmann<\/strong><\/a> ens ha vingut a fer una xerrada a 1r de Batxillerat. Sens dubte ens ha remogut consci\u00e8ncies!<\/p>\n<p>La Fundaci\u00f3 Institut Guttmann dedicada a la neurorehabilitaci\u00f3 \u00e9s una entitat privada d&#8217;iniciativa social, sense \u00e0nim de lucre, impulsada per la societat civil catalana i amb suport p\u00fablic.<\/p>\n<p>Sens dubte, la feina que realitza aquesta fundaci\u00f3, gr\u00e0cies a tots els professionals i voluntaris que hi treballen i col\u00b7laboren, \u00e9s excel\u00b7lent, i va des del suport al pacient en tots els aspectes, l&#8217;ajut a les fam\u00edlies, com de sensibilitzaci\u00f3 social.<\/p>\n<p>Molt agra\u00efts! Ha estat una gran xerrada!<\/p>\n<p><a href=\"https:\/\/agora.xtec.cat\/instarragona\/wp-content\/uploads\/usu484\/2020\/02\/IMG_20200205_124418-e1581072748140.jpg\"><img loading=\"lazy\" decoding=\"async\" class=\"aligncenter wp-image-1559 size-large\" src=\"https:\/\/agora.xtec.cat\/instarragona\/wp-content\/uploads\/usu484\/2020\/02\/IMG_20200205_124418-e1581072748140-1024x768.jpg\" alt=\"\" width=\"1024\" height=\"768\" srcset=\"https:\/\/agora.xtec.cat\/instarragona\/wp-content\/uploads\/usu484\/2020\/02\/IMG_20200205_124418-e1581072748140-1024x768.jpg 1024w, https:\/\/agora.xtec.cat\/instarragona\/wp-content\/uploads\/usu484\/2020\/02\/IMG_20200205_124418-e1581072748140-300x225.jpg 300w, https:\/\/agora.xtec.cat\/instarragona\/wp-content\/uploads\/usu484\/2020\/02\/IMG_20200205_124418-e1581072748140-768x576.jpg 768w, https:\/\/agora.xtec.cat\/instarragona\/wp-content\/uploads\/usu484\/2020\/02\/IMG_20200205_124418-e1581072748140-200x150.jpg 200w\" sizes=\"auto, (max-width: 1024px) 100vw, 1024px\" \/><\/a><\/p>\n<div dir=\"auto\"><a href=\"https:\/\/agora.xtec.cat\/instarragona\/wp-content\/uploads\/usu484\/2020\/02\/IMG_20200205_124414-e1581072820174.jpg\"><img loading=\"lazy\" decoding=\"async\" class=\"aligncenter wp-image-1560 size-large\" src=\"https:\/\/agora.xtec.cat\/instarragona\/wp-content\/uploads\/usu484\/2020\/02\/IMG_20200205_124414-e1581072820174-1024x768.jpg\" alt=\"\" width=\"1024\" height=\"768\" srcset=\"https:\/\/agora.xtec.cat\/instarragona\/wp-content\/uploads\/usu484\/2020\/02\/IMG_20200205_124414-e1581072820174-1024x768.jpg 1024w, https:\/\/agora.xtec.cat\/instarragona\/wp-content\/uploads\/usu484\/2020\/02\/IMG_20200205_124414-e1581072820174-300x225.jpg 300w, https:\/\/agora.xtec.cat\/instarragona\/wp-content\/uploads\/usu484\/2020\/02\/IMG_20200205_124414-e1581072820174-768x576.jpg 768w, https:\/\/agora.xtec.cat\/instarragona\/wp-content\/uploads\/usu484\/2020\/02\/IMG_20200205_124414-e1581072820174-200x150.jpg 200w\" sizes=\"auto, (max-width: 1024px) 100vw, 1024px\" \/><\/a><\/div>\n","protected":false},"excerpt":{"rendered":"<p>L&#8217;Andreu Castro de l&#8216;<a href=\"https:\/\/www.guttmann.com\/ca\">institut Guttmann<\/a> ens ha vingut a fer una xerrada a 1r de Batxillerat. Sens dubte ens ha remogut consci\u00e8ncies!<br \/>\nLa Fundaci\u00f3 Institut Guttmann dedicada a la neurorehabilitaci\u00f3 \u00e9s una entitat privada d&#8217;iniciativa social, sense \u00e0nim de lucre, impulsada per la societat civil&hellip;  <a href=\"https:\/\/agora.xtec.cat\/instarragona\/batxillerat\/linstitut-guttmann-sempre-ens-fa-pensar\/\" title=\"Read L&#8217;Institut Guttmann sempre ens fa pensar\">Llegeix m\u00e9s\u00bb<\/a><\/p>\n","protected":false},"author":1,"featured_media":1559,"comment_status":"open","ping_status":"closed","sticky":false,"template":"","format":"standard","meta":{"_bbp_topic_count":0,"_bbp_reply_count":0,"_bbp_total_topic_count":0,"_bbp_total_reply_count":0,"_bbp_voice_count":0,"_bbp_anonymous_reply_count":0,"_bbp_topic_count_hidden":0,"_bbp_reply_count_hidden":0,"_bbp_forum_subforum_count":0,"footnotes":""},"categories":[8,29],"tags":[44],"class_list":["post-1558","post","type-post","status-publish","format-standard","has-post-thumbnail","hentry","category-batxillerat","category-portada","tag-xerrades"],"post_mailing_queue_ids":[],"_links":{"self":[{"href":"https:\/\/agora.xtec.cat\/instarragona\/wp-json\/wp\/v2\/posts\/1558","targetHints":{"allow":["GET"]}}],"collection":[{"href":"https:\/\/agora.xtec.cat\/instarragona\/wp-json\/wp\/v2\/posts"}],"about":[{"href":"https:\/\/agora.xtec.cat\/instarragona\/wp-json\/wp\/v2\/types\/post"}],"author":[{"embeddable":true,"href":"https:\/\/agora.xtec.cat\/instarragona\/wp-json\/wp\/v2\/users\/1"}],"replies":[{"embeddable":true,"href":"https:\/\/agora.xtec.cat\/instarragona\/wp-json\/wp\/v2\/comments?post=1558"}],"version-history":[{"count":2,"href":"https:\/\/agora.xtec.cat\/instarragona\/wp-json\/wp\/v2\/posts\/1558\/revisions"}],"predecessor-version":[{"id":1562,"href":"https:\/\/agora.xtec.cat\/instarragona\/wp-json\/wp\/v2\/posts\/1558\/revisions\/1562"}],"wp:featuredmedia":[{"embeddable":true,"href":"https:\/\/agora.xtec.cat\/instarragona\/wp-json\/wp\/v2\/media\/1559"}],"wp:attachment":[{"href":"https:\/\/agora.xtec.cat\/instarragona\/wp-json\/wp\/v2\/media?parent=1558"}],"wp:term":[{"taxonomy":"category","embeddable":true,"href":"https:\/\/agora.xtec.cat\/instarragona\/wp-json\/wp\/v2\/categories?post=1558"},{"taxonomy":"post_tag","embeddable":true,"href":"https:\/\/agora.xtec.cat\/instarragona\/wp-json\/wp\/v2\/tags?post=1558"}],"curies":[{"name":"wp","href":"https:\/\/api.w.org\/{rel}","templated":true}]}}