{"id":1554,"date":"2020-02-07T11:45:42","date_gmt":"2020-02-07T10:45:42","guid":{"rendered":"http:\/\/agora.xtec.cat\/instarragona\/?p=1554"},"modified":"2020-02-07T11:46:31","modified_gmt":"2020-02-07T10:46:31","slug":"tarragona-refotografiada","status":"publish","type":"post","link":"https:\/\/agora.xtec.cat\/instarragona\/batxillerat\/tarragona-refotografiada\/","title":{"rendered":"Tarragona Refotografiada"},"content":{"rendered":"<div class=\"gs\">\n<div class=\"\">\n<div id=\":mx\" class=\"ii gt\">\n<div id=\":mw\" class=\"a3s aXjCH \">\n<div class=\"gmail_quote\">\n<div dir=\"ltr\">\n<p>Des de fa uns cursos, els nostres alumnes de Socials de 4t d&#8217;ESO i Hist\u00f2ria de 2n de Batxillerat participen, cada any, en l&#8217;activitat de la Ruta: <strong>Els Llocs de la Mem\u00f2ria,<\/strong> dintre del projecte sobre <strong>Mem\u00f2ria Hist\u00f2rica<\/strong> i en l&#8217;activitat \u00a0de Refotografia, que consisteix en combinar imatges del passat amb les del present.<\/p>\n<p>El passat 30 de gener es va inaugurar, a l&#8217;Espai Turisme (c\/ Major, 37, Tarragona) l&#8217;exposici\u00f3\u00a0<a href=\"https:\/\/www.tarragonaturisme.cat\/ca\/noticies\/avui-sinaugura-tarragona-refotografiada-lespai-turisme\">Tarragona Refotografiada<\/a>,\u00a0que recull imatges dels nostres alumnes, com d&#8217;altres centre participants. L&#8217;exposici\u00f3 romandr\u00e0 oberta fins l&#8217;1 de mar\u00e7. Us convidem a visitar-la.<\/p>\n<div style=\"text-align: center;\">\n<div style=\"margin: 8px 0px 4px;\"><a href=\"https:\/\/www.calameo.com\/books\/006152619b7f5d2fd36d4\" target=\"_blank\" rel=\"noopener noreferrer\">Di\u0301ptic Tarragona Refotografiada<\/a><\/div>\n<p><iframe loading=\"lazy\" style=\"margin: 0 auto;\" src=\"\/\/v.calameo.com\/?bkcode=006152619b7f5d2fd36d4&amp;mode=mini\" width=\"480\" height=\"300\" frameborder=\"0\" scrolling=\"no\" allowfullscreen=\"allowfullscreen\"><\/iframe><\/p>\n<div style=\"margin: 4px 0px 8px;\"><a href=\"http:\/\/www.calameo.com\/\" target=\"_blank\" rel=\"noopener noreferrer\">Leer m\u00e1s publicaciones en Calam\u00e9o<\/a><\/div>\n<\/div>\n<\/div>\n<div class=\"yj6qo\"><\/div>\n<div class=\"adL\"><\/div>\n<\/div>\n<\/div>\n<\/div>\n<div id=\":nq\" class=\"hq gt a10\">\n<div id=\":ns\" class=\"aQH\">\n<div class=\"aZK\"><\/div>\n<\/div>\n<\/div>\n<div class=\"hi\"><\/div>\n<\/div>\n<\/div>\n","protected":false},"excerpt":{"rendered":"<p>Des de fa uns cursos, els nostres alumnes de Socials de 4t d&#8217;ESO i Hist\u00f2ria de 2n de Batxillerat participen, cada any, en l&#8217;activitat de la Ruta: Els Llocs de la Mem\u00f2ria, dintre del projecte sobre Mem\u00f2ria Hist\u00f2rica i en l&#8217;activitat \u00a0de Refotografia, que consisteix&hellip;  <a href=\"https:\/\/agora.xtec.cat\/instarragona\/batxillerat\/tarragona-refotografiada\/\" title=\"Read Tarragona Refotografiada\">Llegeix m\u00e9s\u00bb<\/a><\/p>\n","protected":false},"author":1,"featured_media":1555,"comment_status":"open","ping_status":"closed","sticky":false,"template":"","format":"standard","meta":{"_bbp_topic_count":0,"_bbp_reply_count":0,"_bbp_total_topic_count":0,"_bbp_total_reply_count":0,"_bbp_voice_count":0,"_bbp_anonymous_reply_count":0,"_bbp_topic_count_hidden":0,"_bbp_reply_count_hidden":0,"_bbp_forum_subforum_count":0,"footnotes":""},"categories":[8,29],"tags":[120,39],"class_list":["post-1554","post","type-post","status-publish","format-standard","has-post-thumbnail","hentry","category-batxillerat","category-portada","tag-socials","tag-sortides"],"post_mailing_queue_ids":[],"_links":{"self":[{"href":"https:\/\/agora.xtec.cat\/instarragona\/wp-json\/wp\/v2\/posts\/1554","targetHints":{"allow":["GET"]}}],"collection":[{"href":"https:\/\/agora.xtec.cat\/instarragona\/wp-json\/wp\/v2\/posts"}],"about":[{"href":"https:\/\/agora.xtec.cat\/instarragona\/wp-json\/wp\/v2\/types\/post"}],"author":[{"embeddable":true,"href":"https:\/\/agora.xtec.cat\/instarragona\/wp-json\/wp\/v2\/users\/1"}],"replies":[{"embeddable":true,"href":"https:\/\/agora.xtec.cat\/instarragona\/wp-json\/wp\/v2\/comments?post=1554"}],"version-history":[{"count":2,"href":"https:\/\/agora.xtec.cat\/instarragona\/wp-json\/wp\/v2\/posts\/1554\/revisions"}],"predecessor-version":[{"id":1557,"href":"https:\/\/agora.xtec.cat\/instarragona\/wp-json\/wp\/v2\/posts\/1554\/revisions\/1557"}],"wp:featuredmedia":[{"embeddable":true,"href":"https:\/\/agora.xtec.cat\/instarragona\/wp-json\/wp\/v2\/media\/1555"}],"wp:attachment":[{"href":"https:\/\/agora.xtec.cat\/instarragona\/wp-json\/wp\/v2\/media?parent=1554"}],"wp:term":[{"taxonomy":"category","embeddable":true,"href":"https:\/\/agora.xtec.cat\/instarragona\/wp-json\/wp\/v2\/categories?post=1554"},{"taxonomy":"post_tag","embeddable":true,"href":"https:\/\/agora.xtec.cat\/instarragona\/wp-json\/wp\/v2\/tags?post=1554"}],"curies":[{"name":"wp","href":"https:\/\/api.w.org\/{rel}","templated":true}]}}