{"id":1541,"date":"2020-02-07T09:39:27","date_gmt":"2020-02-07T08:39:27","guid":{"rendered":"http:\/\/agora.xtec.cat\/instarragona\/?p=1541"},"modified":"2020-02-07T09:39:27","modified_gmt":"2020-02-07T08:39:27","slug":"musica-llums-i-accio-amb-1r-deso","status":"publish","type":"post","link":"https:\/\/agora.xtec.cat\/instarragona\/eso\/eso-1\/musica-llums-i-accio-amb-1r-deso\/","title":{"rendered":"M\u00fasica, llums i acci\u00f3! Amb 1r d&#8217;ESO"},"content":{"rendered":"<p>Amb 1r d\u2019ESO van poder gaudir de l\u2019espectacle<a href=\"https:\/\/drive.google.com\/open?id=1iy5YdJRFP9587szPLrtaA2HKOFrVi_08\"> <span style=\"color: #3366ff;\"><strong>M\u00daSICA, LLUMS I ACCI\u00d3!<\/strong> <\/span><\/a>al <a href=\"http:\/\/www.camerata-xxi.org\/ca\/concerts\/llums-musica-accio-12\"><strong><span style=\"color: #3366ff;\">Teatre Metropol<\/span><\/strong>. <\/a><\/p>\n<p>Aquesta activitat est\u00e0 organitzada des del departament de m\u00fasica i pret\u00e9n apropar els alumnes a la m\u00fasica instrumental en directe i tamb\u00e9 a la connexi\u00f3 de la m\u00fasica amb altres manifestacions art\u00edstiques com el cinema.\u00a0GENIAL!<\/p>\n<p><a href=\"https:\/\/agora.xtec.cat\/instarragona\/wp-content\/uploads\/usu484\/2020\/02\/image4.jpeg\"><img loading=\"lazy\" decoding=\"async\" class=\"aligncenter size-full wp-image-1542\" src=\"https:\/\/agora.xtec.cat\/instarragona\/wp-content\/uploads\/usu484\/2020\/02\/image4.jpeg\" alt=\"\" width=\"640\" height=\"480\" srcset=\"https:\/\/agora.xtec.cat\/instarragona\/wp-content\/uploads\/usu484\/2020\/02\/image4.jpeg 640w, https:\/\/agora.xtec.cat\/instarragona\/wp-content\/uploads\/usu484\/2020\/02\/image4-300x225.jpeg 300w, https:\/\/agora.xtec.cat\/instarragona\/wp-content\/uploads\/usu484\/2020\/02\/image4-200x150.jpeg 200w\" sizes=\"auto, (max-width: 640px) 100vw, 640px\" \/><\/a><\/p>\n<p>Aqu\u00ed teniu m\u00e9s <a href=\"https:\/\/drive.google.com\/open?id=1iy5YdJRFP9587szPLrtaA2HKOFrVi_08\">imatges<\/a>.<\/p>\n<p>&nbsp;<\/p>\n","protected":false},"excerpt":{"rendered":"<p>Amb 1r d\u2019ESO van poder gaudir de l\u2019espectacle<a href=\"https:\/\/drive.google.com\/open?id=1iy5YdJRFP9587szPLrtaA2HKOFrVi_08\"> M\u00daSICA, LLUMS I ACCI\u00d3! <\/a>al <a href=\"http:\/\/www.camerata-xxi.org\/ca\/concerts\/llums-musica-accio-12\">Teatre Metropol. <\/a><br \/>\nAquesta activitat est\u00e0 organitzada des del departament de m\u00fasica i pret\u00e9n apropar els alumnes a la m\u00fasica instrumental en directe i tamb\u00e9 a la connexi\u00f3 de la m\u00fasica&hellip;  <a href=\"https:\/\/agora.xtec.cat\/instarragona\/eso\/eso-1\/musica-llums-i-accio-amb-1r-deso\/\" title=\"Read M\u00fasica, llums i acci\u00f3! Amb 1r d&#8217;ESO\">Llegeix m\u00e9s\u00bb<\/a><\/p>\n","protected":false},"author":1,"featured_media":1542,"comment_status":"open","ping_status":"closed","sticky":false,"template":"","format":"standard","meta":{"_bbp_topic_count":0,"_bbp_reply_count":0,"_bbp_total_topic_count":0,"_bbp_total_reply_count":0,"_bbp_voice_count":0,"_bbp_anonymous_reply_count":0,"_bbp_topic_count_hidden":0,"_bbp_reply_count_hidden":0,"_bbp_forum_subforum_count":0,"footnotes":""},"categories":[4,29],"tags":[111,39],"class_list":["post-1541","post","type-post","status-publish","format-standard","has-post-thumbnail","hentry","category-eso-1","category-portada","tag-musica","tag-sortides"],"post_mailing_queue_ids":[],"_links":{"self":[{"href":"https:\/\/agora.xtec.cat\/instarragona\/wp-json\/wp\/v2\/posts\/1541","targetHints":{"allow":["GET"]}}],"collection":[{"href":"https:\/\/agora.xtec.cat\/instarragona\/wp-json\/wp\/v2\/posts"}],"about":[{"href":"https:\/\/agora.xtec.cat\/instarragona\/wp-json\/wp\/v2\/types\/post"}],"author":[{"embeddable":true,"href":"https:\/\/agora.xtec.cat\/instarragona\/wp-json\/wp\/v2\/users\/1"}],"replies":[{"embeddable":true,"href":"https:\/\/agora.xtec.cat\/instarragona\/wp-json\/wp\/v2\/comments?post=1541"}],"version-history":[{"count":1,"href":"https:\/\/agora.xtec.cat\/instarragona\/wp-json\/wp\/v2\/posts\/1541\/revisions"}],"predecessor-version":[{"id":1543,"href":"https:\/\/agora.xtec.cat\/instarragona\/wp-json\/wp\/v2\/posts\/1541\/revisions\/1543"}],"wp:featuredmedia":[{"embeddable":true,"href":"https:\/\/agora.xtec.cat\/instarragona\/wp-json\/wp\/v2\/media\/1542"}],"wp:attachment":[{"href":"https:\/\/agora.xtec.cat\/instarragona\/wp-json\/wp\/v2\/media?parent=1541"}],"wp:term":[{"taxonomy":"category","embeddable":true,"href":"https:\/\/agora.xtec.cat\/instarragona\/wp-json\/wp\/v2\/categories?post=1541"},{"taxonomy":"post_tag","embeddable":true,"href":"https:\/\/agora.xtec.cat\/instarragona\/wp-json\/wp\/v2\/tags?post=1541"}],"curies":[{"name":"wp","href":"https:\/\/api.w.org\/{rel}","templated":true}]}}