{"id":1524,"date":"2020-01-31T09:59:46","date_gmt":"2020-01-31T08:59:46","guid":{"rendered":"http:\/\/agora.xtec.cat\/instarragona\/?p=1524"},"modified":"2020-01-31T10:03:06","modified_gmt":"2020-01-31T09:03:06","slug":"coeducacio-feminisme-i-educacio-sexual","status":"publish","type":"post","link":"https:\/\/agora.xtec.cat\/instarragona\/portada\/coeducacio-feminisme-i-educacio-sexual\/","title":{"rendered":"Coeducaci\u00f3, feminisme i educaci\u00f3 sexual"},"content":{"rendered":"<p>Gr\u00e0cies a la dotaci\u00f3 econ\u00f2mica del Ministeri de la Presid\u00e8ncia del Govern d&#8217;Espanya la biblioteca ha adquirit un bon fons de lectures sobre coeducaci\u00f3, feminisme, LGTBI, igualtat i educaci\u00f3 sexual. ara disposem de t\u00edtols molt interessants per a totes les edats i per a les fam\u00edlies tamb\u00e9. Doneu-hi un cop d&#8217;ull al <a href=\"https:\/\/bibliotecainstarragona.blogspot.com\/2020\/01\/fons-de-coeducacio.html\">bloc<\/a>!<a href=\"https:\/\/agora.xtec.cat\/instarragona\/wp-content\/uploads\/usu484\/2020\/01\/unnamed.png\"><img loading=\"lazy\" decoding=\"async\" class=\"aligncenter size-full wp-image-1529\" src=\"https:\/\/agora.xtec.cat\/instarragona\/wp-content\/uploads\/usu484\/2020\/01\/unnamed.png\" alt=\"\" width=\"320\" height=\"320\" srcset=\"https:\/\/agora.xtec.cat\/instarragona\/wp-content\/uploads\/usu484\/2020\/01\/unnamed.png 320w, https:\/\/agora.xtec.cat\/instarragona\/wp-content\/uploads\/usu484\/2020\/01\/unnamed-150x150.png 150w, https:\/\/agora.xtec.cat\/instarragona\/wp-content\/uploads\/usu484\/2020\/01\/unnamed-300x300.png 300w\" sizes=\"auto, (max-width: 320px) 100vw, 320px\" \/><\/a><\/p>\n<p><a href=\"https:\/\/agora.xtec.cat\/instarragona\/wp-content\/uploads\/usu484\/2020\/01\/unnamed-1.png\"><img loading=\"lazy\" decoding=\"async\" class=\"aligncenter size-full wp-image-1525\" src=\"https:\/\/agora.xtec.cat\/instarragona\/wp-content\/uploads\/usu484\/2020\/01\/unnamed-1.png\" alt=\"\" width=\"320\" height=\"320\" \/><\/a><\/p>\n<p>&nbsp;<\/p>\n","protected":false},"excerpt":{"rendered":"<p>Gr\u00e0cies a la dotaci\u00f3 econ\u00f2mica del Ministeri de la Presid\u00e8ncia del Govern d&#8217;Espanya la biblioteca ha adquirit un bon fons de lectures sobre coeducaci\u00f3, feminisme, LGTBI, igualtat i educaci\u00f3 sexual. ara disposem de t\u00edtols molt interessants per a totes les edats i per a les&hellip;  <a href=\"https:\/\/agora.xtec.cat\/instarragona\/portada\/coeducacio-feminisme-i-educacio-sexual\/\" title=\"Read Coeducaci\u00f3, feminisme i educaci\u00f3 sexual\">Llegeix m\u00e9s\u00bb<\/a><\/p>\n","protected":false},"author":1,"featured_media":1527,"comment_status":"open","ping_status":"closed","sticky":false,"template":"","format":"standard","meta":{"_bbp_topic_count":0,"_bbp_reply_count":0,"_bbp_total_topic_count":0,"_bbp_total_reply_count":0,"_bbp_voice_count":0,"_bbp_anonymous_reply_count":0,"_bbp_topic_count_hidden":0,"_bbp_reply_count_hidden":0,"_bbp_forum_subforum_count":0,"footnotes":""},"categories":[29],"tags":[107],"class_list":["post-1524","post","type-post","status-publish","format-standard","has-post-thumbnail","hentry","category-portada","tag-biblioteca"],"post_mailing_queue_ids":[],"_links":{"self":[{"href":"https:\/\/agora.xtec.cat\/instarragona\/wp-json\/wp\/v2\/posts\/1524","targetHints":{"allow":["GET"]}}],"collection":[{"href":"https:\/\/agora.xtec.cat\/instarragona\/wp-json\/wp\/v2\/posts"}],"about":[{"href":"https:\/\/agora.xtec.cat\/instarragona\/wp-json\/wp\/v2\/types\/post"}],"author":[{"embeddable":true,"href":"https:\/\/agora.xtec.cat\/instarragona\/wp-json\/wp\/v2\/users\/1"}],"replies":[{"embeddable":true,"href":"https:\/\/agora.xtec.cat\/instarragona\/wp-json\/wp\/v2\/comments?post=1524"}],"version-history":[{"count":3,"href":"https:\/\/agora.xtec.cat\/instarragona\/wp-json\/wp\/v2\/posts\/1524\/revisions"}],"predecessor-version":[{"id":1530,"href":"https:\/\/agora.xtec.cat\/instarragona\/wp-json\/wp\/v2\/posts\/1524\/revisions\/1530"}],"wp:featuredmedia":[{"embeddable":true,"href":"https:\/\/agora.xtec.cat\/instarragona\/wp-json\/wp\/v2\/media\/1527"}],"wp:attachment":[{"href":"https:\/\/agora.xtec.cat\/instarragona\/wp-json\/wp\/v2\/media?parent=1524"}],"wp:term":[{"taxonomy":"category","embeddable":true,"href":"https:\/\/agora.xtec.cat\/instarragona\/wp-json\/wp\/v2\/categories?post=1524"},{"taxonomy":"post_tag","embeddable":true,"href":"https:\/\/agora.xtec.cat\/instarragona\/wp-json\/wp\/v2\/tags?post=1524"}],"curies":[{"name":"wp","href":"https:\/\/api.w.org\/{rel}","templated":true}]}}