{"id":1515,"date":"2020-01-31T09:49:08","date_gmt":"2020-01-31T08:49:08","guid":{"rendered":"http:\/\/agora.xtec.cat\/instarragona\/?p=1515"},"modified":"2020-01-31T09:49:54","modified_gmt":"2020-01-31T08:49:54","slug":"la-importancia-de-ser-frank-i-molt-mes","status":"publish","type":"post","link":"https:\/\/agora.xtec.cat\/instarragona\/batxillerat\/la-importancia-de-ser-frank-i-molt-mes\/","title":{"rendered":"La import\u00e0ncia de ser Frank i molt m\u00e9s"},"content":{"rendered":"<p dir=\"ltr\">Dimecres 23 de gener tots els alumnes de 1r de BAT vam passar el dia a Barcelona en una sortida organitzada pels departaments de Socials i de Catal\u00e0. Al mat\u00ed vam veure <a href=\"https:\/\/www.teatrepoliorama.com\/ca\/programacio\/c\/125_la-importancia-de-ser-frank.html\"><strong>La import\u00e0ncia de ser Frank<\/strong><\/a>, d\u2019\u00d2scar Wilde, al Teatre Poliorama, una com\u00e8dia musical francament divertida i intel\u00b7ligent. Encara que ens van fer seure al \u201cgalliner\u201d, vam poder gaudir de bon teatre.<\/p>\n<p><iframe loading=\"lazy\" src=\"https:\/\/player.vimeo.com\/video\/261884962\" width=\"640\" height=\"360\" frameborder=\"0\" allowfullscreen=\"allowfullscreen\"><\/iframe><\/p>\n<p dir=\"ltr\">A la tarda vam realitzar una ruta per Ciutat Vella. Vam tenir uns guies de luxe: els alumnes de l\u2019<strong>assignatura d\u2019Hist\u00f2ria del m\u00f3n contemporani,<\/strong> que ens van descobrir amb la seva explicaci\u00f3 una s\u00e8rie de llocs emblem\u00e0tics: la pla\u00e7a de Catalunya, l\u2019esgl\u00e9sia de Santa Anna, Els Quatre Gats, la Catedral, la pla\u00e7a de Sant Felip Neri, el temple d\u2019August, el museu Frederic Mar\u00e8s, la pla\u00e7a del Rei, el Palau del Lloctinent, la Casa de l\u2019Ardiaca, la pla\u00e7a de Sant Jaume, la Muralla romana, la bas\u00edlica de Santa Maria del Mar, el Fossar de les Moreres, el Born Centre Cultural, el parc de la Ciutadella i l\u2019Estaci\u00f3 de Fran\u00e7a.<\/p>\n<p dir=\"ltr\"><a href=\"https:\/\/agora.xtec.cat\/instarragona\/wp-content\/uploads\/usu484\/2020\/01\/IMG_20200123_160429-e1580460374152.jpg\"><img loading=\"lazy\" decoding=\"async\" class=\"aligncenter wp-image-1516 size-large\" src=\"https:\/\/agora.xtec.cat\/instarragona\/wp-content\/uploads\/usu484\/2020\/01\/IMG_20200123_160429-e1580460374152-768x1024.jpg\" alt=\"\" width=\"768\" height=\"1024\" srcset=\"https:\/\/agora.xtec.cat\/instarragona\/wp-content\/uploads\/usu484\/2020\/01\/IMG_20200123_160429-e1580460374152-768x1024.jpg 768w, https:\/\/agora.xtec.cat\/instarragona\/wp-content\/uploads\/usu484\/2020\/01\/IMG_20200123_160429-e1580460374152-225x300.jpg 225w\" sizes=\"auto, (max-width: 768px) 100vw, 768px\" \/><\/a><\/p>\n<p dir=\"ltr\">M\u00e9s imatges <a href=\"https:\/\/drive.google.com\/open?id=1NkdL5kB8SXmFjsUD66NmyFT5Rc3RnNr-\">aqu\u00ed<\/a>!<\/p>\n","protected":false},"excerpt":{"rendered":"<p>Dimecres 23 de gener tots els alumnes de 1r de BAT vam passar el dia a Barcelona en una sortida organitzada pels departaments de Socials i de Catal\u00e0. Al mat\u00ed vam veure <a href=\"https:\/\/www.teatrepoliorama.com\/ca\/programacio\/c\/125_la-importancia-de-ser-frank.html\">La import\u00e0ncia de ser Frank<\/a>, d\u2019\u00d2scar Wilde, al Teatre Poliorama, una com\u00e8dia&hellip;  <a href=\"https:\/\/agora.xtec.cat\/instarragona\/batxillerat\/la-importancia-de-ser-frank-i-molt-mes\/\" title=\"Read La import\u00e0ncia de ser Frank i molt m\u00e9s\">Llegeix m\u00e9s\u00bb<\/a><\/p>\n","protected":false},"author":1,"featured_media":1517,"comment_status":"open","ping_status":"closed","sticky":false,"template":"","format":"standard","meta":{"_bbp_topic_count":0,"_bbp_reply_count":0,"_bbp_total_topic_count":0,"_bbp_total_reply_count":0,"_bbp_voice_count":0,"_bbp_anonymous_reply_count":0,"_bbp_topic_count_hidden":0,"_bbp_reply_count_hidden":0,"_bbp_forum_subforum_count":0,"footnotes":""},"categories":[8,29],"tags":[119,120,39,40],"class_list":["post-1515","post","type-post","status-publish","format-standard","has-post-thumbnail","hentry","category-batxillerat","category-portada","tag-catala","tag-socials","tag-sortides","tag-teatre"],"post_mailing_queue_ids":[],"_links":{"self":[{"href":"https:\/\/agora.xtec.cat\/instarragona\/wp-json\/wp\/v2\/posts\/1515","targetHints":{"allow":["GET"]}}],"collection":[{"href":"https:\/\/agora.xtec.cat\/instarragona\/wp-json\/wp\/v2\/posts"}],"about":[{"href":"https:\/\/agora.xtec.cat\/instarragona\/wp-json\/wp\/v2\/types\/post"}],"author":[{"embeddable":true,"href":"https:\/\/agora.xtec.cat\/instarragona\/wp-json\/wp\/v2\/users\/1"}],"replies":[{"embeddable":true,"href":"https:\/\/agora.xtec.cat\/instarragona\/wp-json\/wp\/v2\/comments?post=1515"}],"version-history":[{"count":1,"href":"https:\/\/agora.xtec.cat\/instarragona\/wp-json\/wp\/v2\/posts\/1515\/revisions"}],"predecessor-version":[{"id":1518,"href":"https:\/\/agora.xtec.cat\/instarragona\/wp-json\/wp\/v2\/posts\/1515\/revisions\/1518"}],"wp:featuredmedia":[{"embeddable":true,"href":"https:\/\/agora.xtec.cat\/instarragona\/wp-json\/wp\/v2\/media\/1517"}],"wp:attachment":[{"href":"https:\/\/agora.xtec.cat\/instarragona\/wp-json\/wp\/v2\/media?parent=1515"}],"wp:term":[{"taxonomy":"category","embeddable":true,"href":"https:\/\/agora.xtec.cat\/instarragona\/wp-json\/wp\/v2\/categories?post=1515"},{"taxonomy":"post_tag","embeddable":true,"href":"https:\/\/agora.xtec.cat\/instarragona\/wp-json\/wp\/v2\/tags?post=1515"}],"curies":[{"name":"wp","href":"https:\/\/api.w.org\/{rel}","templated":true}]}}