{"id":1508,"date":"2020-01-24T11:50:30","date_gmt":"2020-01-24T10:50:30","guid":{"rendered":"http:\/\/agora.xtec.cat\/instarragona\/?p=1508"},"modified":"2020-01-24T11:51:26","modified_gmt":"2020-01-24T10:51:26","slug":"el-mal-de-la-penelope-tot-dinant","status":"publish","type":"post","link":"https:\/\/agora.xtec.cat\/instarragona\/portada\/el-mal-de-la-penelope-tot-dinant\/","title":{"rendered":"El mal de Pen\u00e9lope tot dinant!"},"content":{"rendered":"<p>Gr\u00e0cies a la fant\u00e0stica organitzaci\u00f3, des de la Biblioteca de l&#8217;institut, aquest curs hem estrenat els<span style=\"color: #339966;\"><strong> Dinars literaris del Club de lectura del professorat<\/strong><\/span> amb la novel\u00b7la &#8220;<span style=\"color: #339966;\"><b><i>El mal de Pen\u00e9lope&#8221;<\/i><\/b>\u00a0<span style=\"color: #000000;\">de<\/span> <strong>Gustavo Hern\u00e1ndez Becerra<\/strong><\/span>.<\/p>\n<p><a href=\"https:\/\/agora.xtec.cat\/instarragona\/wp-content\/uploads\/usu484\/2020\/01\/el_mal_de_penelope.jpg\"><img loading=\"lazy\" decoding=\"async\" class=\"aligncenter wp-image-1509\" src=\"https:\/\/agora.xtec.cat\/instarragona\/wp-content\/uploads\/usu484\/2020\/01\/el_mal_de_penelope.jpg\" alt=\"\" width=\"212\" height=\"335\" srcset=\"https:\/\/agora.xtec.cat\/instarragona\/wp-content\/uploads\/usu484\/2020\/01\/el_mal_de_penelope.jpg 400w, https:\/\/agora.xtec.cat\/instarragona\/wp-content\/uploads\/usu484\/2020\/01\/el_mal_de_penelope-190x300.jpg 190w\" sizes=\"auto, (max-width: 212px) 100vw, 212px\" \/><\/a><\/p>\n<p>Va ser un plaer parlar amb ell de literatura i de la vida,\u00a0 concentrar-nos en les nostres percepcions de la novel\u00b7la i contrastar-les amb la idea que en tenia el Gustavo.<\/p>\n<p>L&#8217;autor, ja fa uns mesos, va oferir una entrevista al Diari de Tarragona. Aqu\u00ed teniu <a href=\"https:\/\/www.diaridetarragona.com\/tarragona\/Gustavo-Hernandez-Mi-nueva-novela-es-un-caramelito-envenenado-20190412-0057.html\">l&#8217;enlla\u00e7<\/a> per si en voleu con\u00e8ixer alguna cosa m\u00e9s.<\/p>\n<p>Un exercici mental savi i entretingut. Gr\u00e0cies, Gustavo!<\/p>\n<p><a href=\"https:\/\/agora.xtec.cat\/instarragona\/wp-content\/uploads\/usu484\/2020\/01\/Captura-4.png\"><img loading=\"lazy\" decoding=\"async\" class=\"aligncenter size-full wp-image-1511\" src=\"https:\/\/agora.xtec.cat\/instarragona\/wp-content\/uploads\/usu484\/2020\/01\/Captura-4.png\" alt=\"\" width=\"644\" height=\"426\" srcset=\"https:\/\/agora.xtec.cat\/instarragona\/wp-content\/uploads\/usu484\/2020\/01\/Captura-4.png 644w, https:\/\/agora.xtec.cat\/instarragona\/wp-content\/uploads\/usu484\/2020\/01\/Captura-4-300x198.png 300w\" sizes=\"auto, (max-width: 644px) 100vw, 644px\" \/><\/a><\/p>\n<p>&nbsp;<\/p>\n","protected":false},"excerpt":{"rendered":"<p>Gr\u00e0cies a la fant\u00e0stica organitzaci\u00f3, des de la Biblioteca de l&#8217;institut, aquest curs hem estrenat els Dinars literaris del Club de lectura del professorat amb la novel\u00b7la &#8220;El mal de Pen\u00e9lope&#8221;\u00a0de Gustavo Hern\u00e1ndez Becerra.<br \/>\n<a href=\"https:\/\/agora.xtec.cat\/instarragona\/wp-content\/uploads\/usu484\/2020\/01\/el_mal_de_penelope.jpg\"><\/a><br \/>\nVa ser un plaer parlar amb ell de literatura i de&hellip;  <a href=\"https:\/\/agora.xtec.cat\/instarragona\/portada\/el-mal-de-la-penelope-tot-dinant\/\" title=\"Read El mal de Pen\u00e9lope tot dinant!\">Llegeix m\u00e9s\u00bb<\/a><\/p>\n","protected":false},"author":1,"featured_media":1509,"comment_status":"open","ping_status":"closed","sticky":false,"template":"","format":"standard","meta":{"_bbp_topic_count":0,"_bbp_reply_count":0,"_bbp_total_topic_count":0,"_bbp_total_reply_count":0,"_bbp_voice_count":0,"_bbp_anonymous_reply_count":0,"_bbp_topic_count_hidden":0,"_bbp_reply_count_hidden":0,"_bbp_forum_subforum_count":0,"footnotes":""},"categories":[29],"tags":[107],"class_list":["post-1508","post","type-post","status-publish","format-standard","has-post-thumbnail","hentry","category-portada","tag-biblioteca"],"post_mailing_queue_ids":[],"_links":{"self":[{"href":"https:\/\/agora.xtec.cat\/instarragona\/wp-json\/wp\/v2\/posts\/1508","targetHints":{"allow":["GET"]}}],"collection":[{"href":"https:\/\/agora.xtec.cat\/instarragona\/wp-json\/wp\/v2\/posts"}],"about":[{"href":"https:\/\/agora.xtec.cat\/instarragona\/wp-json\/wp\/v2\/types\/post"}],"author":[{"embeddable":true,"href":"https:\/\/agora.xtec.cat\/instarragona\/wp-json\/wp\/v2\/users\/1"}],"replies":[{"embeddable":true,"href":"https:\/\/agora.xtec.cat\/instarragona\/wp-json\/wp\/v2\/comments?post=1508"}],"version-history":[{"count":2,"href":"https:\/\/agora.xtec.cat\/instarragona\/wp-json\/wp\/v2\/posts\/1508\/revisions"}],"predecessor-version":[{"id":1513,"href":"https:\/\/agora.xtec.cat\/instarragona\/wp-json\/wp\/v2\/posts\/1508\/revisions\/1513"}],"wp:featuredmedia":[{"embeddable":true,"href":"https:\/\/agora.xtec.cat\/instarragona\/wp-json\/wp\/v2\/media\/1509"}],"wp:attachment":[{"href":"https:\/\/agora.xtec.cat\/instarragona\/wp-json\/wp\/v2\/media?parent=1508"}],"wp:term":[{"taxonomy":"category","embeddable":true,"href":"https:\/\/agora.xtec.cat\/instarragona\/wp-json\/wp\/v2\/categories?post=1508"},{"taxonomy":"post_tag","embeddable":true,"href":"https:\/\/agora.xtec.cat\/instarragona\/wp-json\/wp\/v2\/tags?post=1508"}],"curies":[{"name":"wp","href":"https:\/\/api.w.org\/{rel}","templated":true}]}}