{"id":1491,"date":"2020-01-20T11:44:42","date_gmt":"2020-01-20T10:44:42","guid":{"rendered":"http:\/\/agora.xtec.cat\/instarragona\/?p=1491"},"modified":"2020-01-20T11:46:35","modified_gmt":"2020-01-20T10:46:35","slug":"lenergia","status":"publish","type":"post","link":"https:\/\/agora.xtec.cat\/instarragona\/eso\/eso-2\/lenergia\/","title":{"rendered":"L&#8217;energia"},"content":{"rendered":"<p>Qu\u00e8 \u00e9s l&#8217;energia? D&#8217;on procedeix? La podem generar? Qu\u00e8 vol dir que l&#8217;energia es transforma? Es pot destruir?\u00a0A trav\u00e9s de diferents experiments, l&#8217;alumnat le 2n d&#8217;ESO ha pogut donar resposta a totes aquestes preguntes i a moltes altres relacionades amb l&#8217;energia.<\/p>\n<p>L&#8217;energia \u00e9s un b\u00e9 esc\u00e0s que cal saber gestionar!<\/p>\n<table style=\"width: 1133px;\">\n<tbody>\n<tr>\n<td style=\"width: 563px;\"><a href=\"https:\/\/agora.xtec.cat\/instarragona\/wp-content\/uploads\/usu484\/2020\/01\/IMG-20200117-WA0013.jpg\"><img loading=\"lazy\" decoding=\"async\" class=\"aligncenter  wp-image-1492\" src=\"https:\/\/agora.xtec.cat\/instarragona\/wp-content\/uploads\/usu484\/2020\/01\/IMG-20200117-WA0013.jpg\" alt=\"\" width=\"541\" height=\"406\" srcset=\"https:\/\/agora.xtec.cat\/instarragona\/wp-content\/uploads\/usu484\/2020\/01\/IMG-20200117-WA0013.jpg 1600w, https:\/\/agora.xtec.cat\/instarragona\/wp-content\/uploads\/usu484\/2020\/01\/IMG-20200117-WA0013-300x225.jpg 300w, https:\/\/agora.xtec.cat\/instarragona\/wp-content\/uploads\/usu484\/2020\/01\/IMG-20200117-WA0013-768x576.jpg 768w, https:\/\/agora.xtec.cat\/instarragona\/wp-content\/uploads\/usu484\/2020\/01\/IMG-20200117-WA0013-1024x768.jpg 1024w, https:\/\/agora.xtec.cat\/instarragona\/wp-content\/uploads\/usu484\/2020\/01\/IMG-20200117-WA0013-200x150.jpg 200w\" sizes=\"auto, (max-width: 541px) 100vw, 541px\" \/><\/a><\/td>\n<td style=\"width: 562px;\"><a href=\"https:\/\/agora.xtec.cat\/instarragona\/wp-content\/uploads\/usu484\/2020\/01\/IMG-20200117-WA0026.jpg\"><img loading=\"lazy\" decoding=\"async\" class=\"aligncenter  wp-image-1493\" src=\"https:\/\/agora.xtec.cat\/instarragona\/wp-content\/uploads\/usu484\/2020\/01\/IMG-20200117-WA0026.jpg\" alt=\"\" width=\"533\" height=\"400\" srcset=\"https:\/\/agora.xtec.cat\/instarragona\/wp-content\/uploads\/usu484\/2020\/01\/IMG-20200117-WA0026.jpg 1600w, https:\/\/agora.xtec.cat\/instarragona\/wp-content\/uploads\/usu484\/2020\/01\/IMG-20200117-WA0026-300x225.jpg 300w, https:\/\/agora.xtec.cat\/instarragona\/wp-content\/uploads\/usu484\/2020\/01\/IMG-20200117-WA0026-768x576.jpg 768w, https:\/\/agora.xtec.cat\/instarragona\/wp-content\/uploads\/usu484\/2020\/01\/IMG-20200117-WA0026-1024x768.jpg 1024w, https:\/\/agora.xtec.cat\/instarragona\/wp-content\/uploads\/usu484\/2020\/01\/IMG-20200117-WA0026-200x150.jpg 200w\" sizes=\"auto, (max-width: 533px) 100vw, 533px\" \/><\/a><\/td>\n<\/tr>\n<\/tbody>\n<\/table>\n<p><a href=\"https:\/\/drive.google.com\/open?id=1qLPGPZt5bk3tY6-fO12G5hrIIBYddXTE\">M\u00e9s imatges<\/a>.<\/p>\n","protected":false},"excerpt":{"rendered":"<p>Qu\u00e8 \u00e9s l&#8217;energia? D&#8217;on procedeix? La podem generar? Qu\u00e8 vol dir que l&#8217;energia es transforma? Es pot destruir?\u00a0A trav\u00e9s de diferents experiments, l&#8217;alumnat le 2n d&#8217;ESO ha pogut donar resposta a totes aquestes preguntes i a moltes altres relacionades amb l&#8217;energia.<br \/>\nL&#8217;energia \u00e9s un b\u00e9 esc\u00e0s&hellip;  <a href=\"https:\/\/agora.xtec.cat\/instarragona\/eso\/eso-2\/lenergia\/\" title=\"Read L&#8217;energia\">Llegeix m\u00e9s\u00bb<\/a><\/p>\n","protected":false},"author":1,"featured_media":1492,"comment_status":"open","ping_status":"closed","sticky":false,"template":"","format":"standard","meta":{"_bbp_topic_count":0,"_bbp_reply_count":0,"_bbp_total_topic_count":0,"_bbp_total_reply_count":0,"_bbp_voice_count":0,"_bbp_anonymous_reply_count":0,"_bbp_topic_count_hidden":0,"_bbp_reply_count_hidden":0,"_bbp_forum_subforum_count":0,"footnotes":""},"categories":[5,29],"tags":[116,39,58],"class_list":["post-1491","post","type-post","status-publish","format-standard","has-post-thumbnail","hentry","category-eso-2","category-portada","tag-ciencies","tag-sortides","tag-tallers"],"post_mailing_queue_ids":[],"_links":{"self":[{"href":"https:\/\/agora.xtec.cat\/instarragona\/wp-json\/wp\/v2\/posts\/1491","targetHints":{"allow":["GET"]}}],"collection":[{"href":"https:\/\/agora.xtec.cat\/instarragona\/wp-json\/wp\/v2\/posts"}],"about":[{"href":"https:\/\/agora.xtec.cat\/instarragona\/wp-json\/wp\/v2\/types\/post"}],"author":[{"embeddable":true,"href":"https:\/\/agora.xtec.cat\/instarragona\/wp-json\/wp\/v2\/users\/1"}],"replies":[{"embeddable":true,"href":"https:\/\/agora.xtec.cat\/instarragona\/wp-json\/wp\/v2\/comments?post=1491"}],"version-history":[{"count":2,"href":"https:\/\/agora.xtec.cat\/instarragona\/wp-json\/wp\/v2\/posts\/1491\/revisions"}],"predecessor-version":[{"id":1495,"href":"https:\/\/agora.xtec.cat\/instarragona\/wp-json\/wp\/v2\/posts\/1491\/revisions\/1495"}],"wp:featuredmedia":[{"embeddable":true,"href":"https:\/\/agora.xtec.cat\/instarragona\/wp-json\/wp\/v2\/media\/1492"}],"wp:attachment":[{"href":"https:\/\/agora.xtec.cat\/instarragona\/wp-json\/wp\/v2\/media?parent=1491"}],"wp:term":[{"taxonomy":"category","embeddable":true,"href":"https:\/\/agora.xtec.cat\/instarragona\/wp-json\/wp\/v2\/categories?post=1491"},{"taxonomy":"post_tag","embeddable":true,"href":"https:\/\/agora.xtec.cat\/instarragona\/wp-json\/wp\/v2\/tags?post=1491"}],"curies":[{"name":"wp","href":"https:\/\/api.w.org\/{rel}","templated":true}]}}