{"id":1471,"date":"2020-01-10T09:59:00","date_gmt":"2020-01-10T08:59:00","guid":{"rendered":"http:\/\/agora.xtec.cat\/instarragona\/?p=1471"},"modified":"2020-01-10T11:49:39","modified_gmt":"2020-01-10T10:49:39","slug":"aixi-vam-entrar-al-nadal","status":"publish","type":"post","link":"https:\/\/agora.xtec.cat\/instarragona\/portada\/aixi-vam-entrar-al-nadal\/","title":{"rendered":"Aix\u00ed vam entrar al Nadal"},"content":{"rendered":"<p>Despr\u00e9s de les merescudes vacances nadalenques ja hem tornat a la rutina escolar. Us recordem que cal comen\u00e7ar aquest segon trimestre amb molta empenta ja que s\u00f3n uns mesos clau per assegurar l&#8217;\u00e8xit del curs. \u00c0nims a tots i a totes!<\/p>\n<p>Abans per\u00f2, ens agradaria recordar una mica com va anar l&#8217;\u00faltim dia abans de festes. A l&#8217;institut s&#8217;hi van fer <a href=\"https:\/\/drive.google.com\/open?id=1jmg4Tc60nvFNc8FRRIDgGm-4fohilIQj\">activitats<\/a> de tota mena i, sens dubte, cal felicitar a tot l&#8217;alumnat i el professorat que les va fer possible.<\/p>\n<p>La m\u00fasica va ser la gran protagonista (acte organitzat des de la mat\u00e8ria de m\u00fasica amb Marian M\u00e0rquez i els seus alumnes de 4t d&#8217;ESO). Tampoc hi va faltar la lectura nadalenca i la ja tradicional rifa de la panera, organitzada des de 4t d&#8217;ESO.<\/p>\n<p><a href=\"https:\/\/agora.xtec.cat\/instarragona\/wp-content\/uploads\/usu484\/2020\/01\/Captura.png\"><img loading=\"lazy\" decoding=\"async\" class=\"aligncenter size-full wp-image-1473\" src=\"https:\/\/agora.xtec.cat\/instarragona\/wp-content\/uploads\/usu484\/2020\/01\/Captura.png\" alt=\"\" width=\"625\" height=\"474\" srcset=\"https:\/\/agora.xtec.cat\/instarragona\/wp-content\/uploads\/usu484\/2020\/01\/Captura.png 625w, https:\/\/agora.xtec.cat\/instarragona\/wp-content\/uploads\/usu484\/2020\/01\/Captura-300x228.png 300w\" sizes=\"auto, (max-width: 625px) 100vw, 625px\" \/><\/a><\/p>\n<p>La lectura dramatitzada del &#8220;Conte de Nadal&#8221; de Charles Dickens es va fer a la biblioteca, gr\u00e0cies a la participaci\u00f3 i il\u00b7lusi\u00f3 dels alumnes de 1rE, 1rB PIM i 3rD i dels professors Eric Castro (m\u00fasica i efectes sonors) i Carme Masip\u00a0 (adaptaci\u00f3 del text).<\/p>\n<p><a href=\"https:\/\/agora.xtec.cat\/instarragona\/wp-content\/uploads\/usu484\/2020\/01\/Captura-1.png\"><img loading=\"lazy\" decoding=\"async\" class=\"aligncenter size-full wp-image-1476\" src=\"https:\/\/agora.xtec.cat\/instarragona\/wp-content\/uploads\/usu484\/2020\/01\/Captura-1.png\" alt=\"\" width=\"648\" height=\"457\" srcset=\"https:\/\/agora.xtec.cat\/instarragona\/wp-content\/uploads\/usu484\/2020\/01\/Captura-1.png 648w, https:\/\/agora.xtec.cat\/instarragona\/wp-content\/uploads\/usu484\/2020\/01\/Captura-1-300x212.png 300w\" sizes=\"auto, (max-width: 648px) 100vw, 648px\" \/><\/a><\/p>\n","protected":false},"excerpt":{"rendered":"<p>Despr\u00e9s de les merescudes vacances nadalenques ja hem tornat a la rutina escolar. Us recordem que cal comen\u00e7ar aquest segon trimestre amb molta empenta ja que s\u00f3n uns mesos clau per assegurar l&#8217;\u00e8xit del curs. \u00c0nims a tots i a totes!<br \/>\nAbans per\u00f2, ens agradaria recordar&hellip;  <a href=\"https:\/\/agora.xtec.cat\/instarragona\/portada\/aixi-vam-entrar-al-nadal\/\" title=\"Read Aix\u00ed vam entrar al Nadal\">Llegeix m\u00e9s\u00bb<\/a><\/p>\n","protected":false},"author":1,"featured_media":1473,"comment_status":"open","ping_status":"closed","sticky":false,"template":"","format":"standard","meta":{"_bbp_topic_count":0,"_bbp_reply_count":0,"_bbp_total_topic_count":0,"_bbp_total_reply_count":0,"_bbp_voice_count":0,"_bbp_anonymous_reply_count":0,"_bbp_topic_count_hidden":0,"_bbp_reply_count_hidden":0,"_bbp_forum_subforum_count":0,"footnotes":""},"categories":[29],"tags":[97],"class_list":["post-1471","post","type-post","status-publish","format-standard","has-post-thumbnail","hentry","category-portada","tag-festes-i-activitats"],"post_mailing_queue_ids":[],"_links":{"self":[{"href":"https:\/\/agora.xtec.cat\/instarragona\/wp-json\/wp\/v2\/posts\/1471","targetHints":{"allow":["GET"]}}],"collection":[{"href":"https:\/\/agora.xtec.cat\/instarragona\/wp-json\/wp\/v2\/posts"}],"about":[{"href":"https:\/\/agora.xtec.cat\/instarragona\/wp-json\/wp\/v2\/types\/post"}],"author":[{"embeddable":true,"href":"https:\/\/agora.xtec.cat\/instarragona\/wp-json\/wp\/v2\/users\/1"}],"replies":[{"embeddable":true,"href":"https:\/\/agora.xtec.cat\/instarragona\/wp-json\/wp\/v2\/comments?post=1471"}],"version-history":[{"count":3,"href":"https:\/\/agora.xtec.cat\/instarragona\/wp-json\/wp\/v2\/posts\/1471\/revisions"}],"predecessor-version":[{"id":1487,"href":"https:\/\/agora.xtec.cat\/instarragona\/wp-json\/wp\/v2\/posts\/1471\/revisions\/1487"}],"wp:featuredmedia":[{"embeddable":true,"href":"https:\/\/agora.xtec.cat\/instarragona\/wp-json\/wp\/v2\/media\/1473"}],"wp:attachment":[{"href":"https:\/\/agora.xtec.cat\/instarragona\/wp-json\/wp\/v2\/media?parent=1471"}],"wp:term":[{"taxonomy":"category","embeddable":true,"href":"https:\/\/agora.xtec.cat\/instarragona\/wp-json\/wp\/v2\/categories?post=1471"},{"taxonomy":"post_tag","embeddable":true,"href":"https:\/\/agora.xtec.cat\/instarragona\/wp-json\/wp\/v2\/tags?post=1471"}],"curies":[{"name":"wp","href":"https:\/\/api.w.org\/{rel}","templated":true}]}}