{"id":1437,"date":"2019-12-12T13:29:21","date_gmt":"2019-12-12T12:29:21","guid":{"rendered":"http:\/\/agora.xtec.cat\/instarragona\/?p=1437"},"modified":"2019-12-12T13:30:59","modified_gmt":"2019-12-12T12:30:59","slug":"lesprint-de","status":"publish","type":"post","link":"https:\/\/agora.xtec.cat\/instarragona\/eso\/eso-3\/lesprint-de\/","title":{"rendered":"L&#8217;esprint&#8230; a mates"},"content":{"rendered":"<p>Els alumnes de 3r i 4t d&#8217;ESO han participat a l&#8217;ESPRINT, un concurs matem\u00e0tic on la resoluci\u00f3 dels problemes es complica i for\u00e7a: el temps tamb\u00e9 compta i molt!<\/p>\n<p>R\u00e0pid, r\u00e0pid! Quin estr\u00e9s!<br \/>\n<script src=\"https:\/\/cdn.jsdelivr.net\/npm\/publicalbum@latest\/embed-ui.min.js\" async><\/script><\/p>\n<div class=\"pa-gallery-player-widget\" style=\"width: 100%; height: 480px; display: none;\" data-link=\"https:\/\/photos.app.goo.gl\/W3Bg7AQZZgwDxcgD9\" data-title=\"19-20 ESPRINT a matem\u00e0tiques\" data-description=\"5 new photos added to shared album\"><object data=\"https:\/\/lh3.googleusercontent.com\/IIvBBNeeiJeJOEd5ekHk9C1VkizvoSiQhQ87hGQYJ2sxmS-uBbg8ql3RCd2WyH0r91RpIICfk08EmeKKrpVb3Lz48b6vGABWtGvR7Y33oSkN7wEe09W6eUcVyJiPU3aPDaAxwv3s2w=w1920-h1080\" width=\"300\" height=\"150\"><\/object><br \/>\n<object data=\"https:\/\/lh3.googleusercontent.com\/Tu3qH-uggOXMVJqCA0OAjtcVBbFe7EeXsl-e2Qjub83kcn5ApkPfzdK_aAu5Z4p58651tUDuLtY9gatOFJV-uHCaUMqr4ekn_d15Or16aqJODRRhwCPjUzAlgupDXg8H5JovLYIzPg=w1920-h1080\" width=\"300\" height=\"150\"><\/object><br \/>\n<object data=\"https:\/\/lh3.googleusercontent.com\/AMVyHskeaJp3tumqQk9_C0Sqz3sWtn9XsYlzrsCut-MOzCbRW-ShG8Gw1tDgI7y95j69G-SwC164xiK_hMFSyDXT7w58SYSyESp1ppxep0WVB5Log488tnlPRYDfX0Trmtfh89grrA=w1920-h1080\" width=\"300\" height=\"150\"><\/object><br \/>\n<object data=\"https:\/\/lh3.googleusercontent.com\/pf1EHsFsqx27HG2RPWRt4i_W-pf-KfPlmoom12HWeL7M0duAukZqmRc7kRjpVJEMurnWE7k-kvxXU6umjzrs5jjKQ0V0QNtfbkWLrebuhDxtVpjatlSuOVBSx_fEADVKz-2DBGE6Xw=w1920-h1080\" width=\"300\" height=\"150\"><\/object><br \/>\n<object data=\"https:\/\/lh3.googleusercontent.com\/IAYW3ebw8j2FMliwrmPxONaCXX8pbxo_YHpY67LHq0G9MSz0uAjnuB_KrkBz8RKYBbzjziYXRVk6QIIjm5FJOXw9psx4dwyxtjTSXLbPWd6CA7m3BJhTVESEp_DbHofWYG6ehdaf3A=w1920-h1080\" width=\"300\" height=\"150\"><\/object><\/div>\n<p>&nbsp;<\/p>\n","protected":false},"excerpt":{"rendered":"<p>Els alumnes de 3r i 4t d&#8217;ESO han participat a l&#8217;ESPRINT, un concurs matem\u00e0tic on la resoluci\u00f3 dels problemes es complica i for\u00e7a: el temps tamb\u00e9 compta i molt!<br \/>\nR\u00e0pid, r\u00e0pid! Quin estr\u00e9s!<\/p>\n<p>&nbsp;<\/p>\n","protected":false},"author":1,"featured_media":1438,"comment_status":"open","ping_status":"closed","sticky":false,"template":"","format":"standard","meta":{"_bbp_topic_count":0,"_bbp_reply_count":0,"_bbp_total_topic_count":0,"_bbp_total_reply_count":0,"_bbp_voice_count":0,"_bbp_anonymous_reply_count":0,"_bbp_topic_count_hidden":0,"_bbp_reply_count_hidden":0,"_bbp_forum_subforum_count":0,"footnotes":""},"categories":[6,7,29],"tags":[104,41],"class_list":["post-1437","post","type-post","status-publish","format-standard","has-post-thumbnail","hentry","category-eso-3","category-eso-4","category-portada","tag-concursos","tag-matematiques"],"post_mailing_queue_ids":[],"_links":{"self":[{"href":"https:\/\/agora.xtec.cat\/instarragona\/wp-json\/wp\/v2\/posts\/1437","targetHints":{"allow":["GET"]}}],"collection":[{"href":"https:\/\/agora.xtec.cat\/instarragona\/wp-json\/wp\/v2\/posts"}],"about":[{"href":"https:\/\/agora.xtec.cat\/instarragona\/wp-json\/wp\/v2\/types\/post"}],"author":[{"embeddable":true,"href":"https:\/\/agora.xtec.cat\/instarragona\/wp-json\/wp\/v2\/users\/1"}],"replies":[{"embeddable":true,"href":"https:\/\/agora.xtec.cat\/instarragona\/wp-json\/wp\/v2\/comments?post=1437"}],"version-history":[{"count":2,"href":"https:\/\/agora.xtec.cat\/instarragona\/wp-json\/wp\/v2\/posts\/1437\/revisions"}],"predecessor-version":[{"id":1440,"href":"https:\/\/agora.xtec.cat\/instarragona\/wp-json\/wp\/v2\/posts\/1437\/revisions\/1440"}],"wp:featuredmedia":[{"embeddable":true,"href":"https:\/\/agora.xtec.cat\/instarragona\/wp-json\/wp\/v2\/media\/1438"}],"wp:attachment":[{"href":"https:\/\/agora.xtec.cat\/instarragona\/wp-json\/wp\/v2\/media?parent=1437"}],"wp:term":[{"taxonomy":"category","embeddable":true,"href":"https:\/\/agora.xtec.cat\/instarragona\/wp-json\/wp\/v2\/categories?post=1437"},{"taxonomy":"post_tag","embeddable":true,"href":"https:\/\/agora.xtec.cat\/instarragona\/wp-json\/wp\/v2\/tags?post=1437"}],"curies":[{"name":"wp","href":"https:\/\/api.w.org\/{rel}","templated":true}]}}