{"id":1385,"date":"2019-12-03T10:38:28","date_gmt":"2019-12-03T09:38:28","guid":{"rendered":"http:\/\/agora.xtec.cat\/instarragona\/?p=1385"},"modified":"2020-01-10T11:55:30","modified_gmt":"2020-01-10T10:55:30","slug":"quin-fums-el-projecte-cientificotecnic-a-3r-eso","status":"publish","type":"post","link":"https:\/\/agora.xtec.cat\/instarragona\/eso\/eso-3\/quin-fums-el-projecte-cientificotecnic-a-3r-eso\/","title":{"rendered":"Quins fums! El projecte cientificot\u00e8cnic a 3r ESO"},"content":{"rendered":"<p><b><span style=\"font-weight: 400;\">T\u2019ha passat mai que esperant al sem\u00e0for si tens un autob\u00fas al costat no pots respirar? Necessites realment el cotxe a Tarragona? Saps com funciona un vehicle el\u00e8ctric? Contamina? D\u2019on surt l\u2019electricitat? S\u00f3n important els arbres, les plantes, els parcs a la nostra ciutat?<\/span><\/b><\/p>\n<p>Els alumnes de 3r d&#8217;ESO ho han treballat durant la setmana de la ci\u00e8ncia. La preocupaci\u00f3 vers al canvi clim\u00e0tic \u00e9s un fet i sembla a ser que el CO<sub>2\u00a0<\/sub>hi t\u00e9 molt a veure.<\/p>\n<p>Aqu\u00ed teniu <a href=\"https:\/\/sites.google.com\/view\/setmanaciencia3reso\/1-inici\">la web del projecte QUINS FUMS!<\/a>, feu-li una ullada perqu\u00e8 hi podreu veure tot el proc\u00e9s de recerca (presa de dades amb diferents aparells de mesura), an\u00e0lisi, presa de decisions&#8230; Val la pena!<\/p>\n<p><a href=\"https:\/\/sites.google.com\/view\/setmanaciencia3reso\/1-inici\"><img loading=\"lazy\" decoding=\"async\" class=\"aligncenter wp-image-1386\" src=\"https:\/\/agora.xtec.cat\/instarragona\/wp-content\/uploads\/usu484\/2019\/12\/Captura.png\" alt=\"\" width=\"871\" height=\"374\" srcset=\"https:\/\/agora.xtec.cat\/instarragona\/wp-content\/uploads\/usu484\/2019\/12\/Captura.png 1912w, https:\/\/agora.xtec.cat\/instarragona\/wp-content\/uploads\/usu484\/2019\/12\/Captura-300x129.png 300w, https:\/\/agora.xtec.cat\/instarragona\/wp-content\/uploads\/usu484\/2019\/12\/Captura-768x330.png 768w, https:\/\/agora.xtec.cat\/instarragona\/wp-content\/uploads\/usu484\/2019\/12\/Captura-1024x440.png 1024w\" sizes=\"auto, (max-width: 871px) 100vw, 871px\" \/><\/a><\/p>\n<p><script src=\"https:\/\/cdn.jsdelivr.net\/npm\/publicalbum@latest\/embed-ui.min.js\" async><\/script><\/p>\n<div class=\"pa-gallery-player-widget\" style=\"width: 100%; height: 480px; display: none;\" data-link=\"https:\/\/photos.app.goo.gl\/xwyfctEEv3SWnibm7\" data-title=\"19-20 Quins fums! setmana ci\u00e8ncia 3r ESO\" data-description=\"11 new photos added to shared album\"><object data=\"https:\/\/lh3.googleusercontent.com\/IY7HrEy9ZIiW5lYwUT-z7xsGZHopnYee7Z_voQRQ80UaAxNTiZs8qKFmaDHTvdBlMCSlp_NTYyQWklz65WHFIVp3f4-VEgoN586EcUm-aOThv9jYeCFURU1O3h3UgP8PahwRBbRvVg=w1920-h1080\" width=\"300\" height=\"150\"><\/object><br \/>\n<object data=\"https:\/\/lh3.googleusercontent.com\/VdWEWGcw3O-ENp_qVh10KVZqr2mpFrPFUh-fuXz6nLYndiHQpiorZXrTAZZao4IsqT0AAdTz4EJ25VAkSencuq3zNWf8AGGb3VZv8E-UWfj6PqeY87WuRM2b_IdPF7cqpzHOVy2VWQ=w1920-h1080\" width=\"300\" height=\"150\"><\/object><br \/>\n<object data=\"https:\/\/lh3.googleusercontent.com\/7NI8Q-uIKlUSuuQSxeeD7N1418PHaNLzla9o3NKwnx12Ol9FQZjlrGkt25G9uxwBFFCpvr3MfC8AUqRu_p7FETk4BA7vzbPWlkK9wGyfe7Tp6sI0p-VVYCtel06OWU7TCdAtgXqD0A=w1920-h1080\" width=\"300\" height=\"150\"><\/object><br \/>\n<object data=\"https:\/\/lh3.googleusercontent.com\/ptexHmUryMj2B8OIXVvV2KfK_iuHGKa-XB3pDg7v-bVEi4aGUMFTk8jl_NHpTlvgTvnEO7Rvd0UpaZUMwlk7RlosLoCOd4JM-xA8UGaY0BNk6StXOGVk54DkX8KJRc9QeLQyEuWfSw=w1920-h1080\" width=\"300\" height=\"150\"><\/object><br \/>\n<object data=\"https:\/\/lh3.googleusercontent.com\/3LKXvk4cChV8oYJ8HZdz0OyO-A9nsaovHX8a5lGxnCafxNDugnRnJQpnRpQt1Uy9tFb6rrzhMUGlTmE9hBm-VBgF--BzvGmHF9GUskhdekJuq2Dbuyk0FBeGGabcUH8lj6HaTSfjnw=w1920-h1080\" width=\"300\" height=\"150\"><\/object><br \/>\n<object data=\"https:\/\/lh3.googleusercontent.com\/gzVMqV8Qzsd4xDKBNK0j9D_P3qAPAM_ptL5VNBdQF6fvBgqikvAD5HEdbOIf_Erl5ApoZhIt5OqItNfvavkLo90ydyPfMyHzkL56VPCJX4ebtpcoxBN51A4doYtIR61PhHR0cWWNUg=w1920-h1080\" width=\"300\" height=\"150\"><\/object><br \/>\n<object data=\"https:\/\/lh3.googleusercontent.com\/RbS8Ly_pCZ_kVl5jR2fIFhAsn0nExaGt_VzWepUUo_JHasNVyGxK5U5qH9Vzh_XgfYi860KNV-3Lhzy4Jco_v-phZ-b97G5VgFRIpokN9U9yLqO-QPl9n86AglSW6lcmr610pD5V1w=w1920-h1080\" width=\"300\" height=\"150\"><\/object><br \/>\n<object data=\"https:\/\/lh3.googleusercontent.com\/xdQN0bVTbMG6v3IwP5FyJQxVD3Yez6x-hSt8SjNDG6sF_phbHdV5pOLR5GhZ0yoAqDhDkcuCc5hTCFshdkJTC9AKezCxHidVCC1jknTGJQTy0x10nvpr158prYjPcRhHQ1TYjt1GYQ=w1920-h1080\" width=\"300\" height=\"150\"><\/object><br \/>\n<object data=\"https:\/\/lh3.googleusercontent.com\/OO5VSUrOIg2WY5NzNW5jGuetGbYCtcpQiEXWg-lOMKMnDagnXp5aT4f0JZE4l1Wp911W-OZ3MCThpd6_WkFtiCKDaiNc38n1PjPnoWTG0QYIfujHS3fx__huJUJLwL_bPMKH8LB7SQ=w1920-h1080\" width=\"300\" height=\"150\"><\/object><br \/>\n<object data=\"https:\/\/lh3.googleusercontent.com\/7Mid3tfK13OBXXX-Qhd6jfcwmiquWnG2-4r4F7qESP29ajB0RQJwOJ6Rjvuz6Lr1JemF76-5pGlPzkgEQiFpHHqo_WgdCgwNnjDEm1x680hPNIgPhXClmdAUkzU-QR7uE07f-zKKtw=w1920-h1080\" width=\"300\" height=\"150\"><\/object><br \/>\n<object data=\"https:\/\/lh3.googleusercontent.com\/8wd37IUPT4R-LAf6hoBVX961xKijszxCm1AzZ0w9BMBIlybOqJMMBbkbq0lz4MCt2VjMFSRG47hSmjj3i4L_XjS-nrUf-3OZf0R-lDgy8XRvFdtl5l6XVS3oK8cAJS0aqXCMP3jSeA=w1920-h1080\" width=\"300\" height=\"150\"><\/object><\/div>\n<p>Algunes de les propostes de millora presentades&#8230;<\/p>\n<table>\n<tbody>\n<tr>\n<td><a href=\"https:\/\/agora.xtec.cat\/instarragona\/wp-content\/uploads\/usu484\/2019\/12\/IMG_20191203_102331.jpg\"><img loading=\"lazy\" decoding=\"async\" class=\"aligncenter wp-image-1397\" src=\"https:\/\/agora.xtec.cat\/instarragona\/wp-content\/uploads\/usu484\/2019\/12\/IMG_20191203_102331.jpg\" alt=\"\" width=\"259\" height=\"259\" srcset=\"https:\/\/agora.xtec.cat\/instarragona\/wp-content\/uploads\/usu484\/2019\/12\/IMG_20191203_102331.jpg 1564w, https:\/\/agora.xtec.cat\/instarragona\/wp-content\/uploads\/usu484\/2019\/12\/IMG_20191203_102331-150x150.jpg 150w, https:\/\/agora.xtec.cat\/instarragona\/wp-content\/uploads\/usu484\/2019\/12\/IMG_20191203_102331-300x300.jpg 300w, https:\/\/agora.xtec.cat\/instarragona\/wp-content\/uploads\/usu484\/2019\/12\/IMG_20191203_102331-768x768.jpg 768w, https:\/\/agora.xtec.cat\/instarragona\/wp-content\/uploads\/usu484\/2019\/12\/IMG_20191203_102331-1024x1024.jpg 1024w\" sizes=\"auto, (max-width: 259px) 100vw, 259px\" \/><\/a><\/td>\n<td><a href=\"https:\/\/agora.xtec.cat\/instarragona\/wp-content\/uploads\/usu484\/2019\/12\/IMG_20191203_102411.jpg\"><img loading=\"lazy\" decoding=\"async\" class=\"aligncenter wp-image-1398\" src=\"https:\/\/agora.xtec.cat\/instarragona\/wp-content\/uploads\/usu484\/2019\/12\/IMG_20191203_102411.jpg\" alt=\"\" width=\"249\" height=\"249\" srcset=\"https:\/\/agora.xtec.cat\/instarragona\/wp-content\/uploads\/usu484\/2019\/12\/IMG_20191203_102411.jpg 1564w, https:\/\/agora.xtec.cat\/instarragona\/wp-content\/uploads\/usu484\/2019\/12\/IMG_20191203_102411-150x150.jpg 150w, https:\/\/agora.xtec.cat\/instarragona\/wp-content\/uploads\/usu484\/2019\/12\/IMG_20191203_102411-300x300.jpg 300w, https:\/\/agora.xtec.cat\/instarragona\/wp-content\/uploads\/usu484\/2019\/12\/IMG_20191203_102411-768x768.jpg 768w, https:\/\/agora.xtec.cat\/instarragona\/wp-content\/uploads\/usu484\/2019\/12\/IMG_20191203_102411-1024x1024.jpg 1024w\" sizes=\"auto, (max-width: 249px) 100vw, 249px\" \/><\/a><\/td>\n<td><a href=\"https:\/\/agora.xtec.cat\/instarragona\/wp-content\/uploads\/usu484\/2019\/12\/IMG_20191203_102524.jpg\"><img loading=\"lazy\" decoding=\"async\" class=\"aligncenter wp-image-1399\" src=\"https:\/\/agora.xtec.cat\/instarragona\/wp-content\/uploads\/usu484\/2019\/12\/IMG_20191203_102524.jpg\" alt=\"\" width=\"248\" height=\"248\" srcset=\"https:\/\/agora.xtec.cat\/instarragona\/wp-content\/uploads\/usu484\/2019\/12\/IMG_20191203_102524.jpg 1564w, https:\/\/agora.xtec.cat\/instarragona\/wp-content\/uploads\/usu484\/2019\/12\/IMG_20191203_102524-150x150.jpg 150w, https:\/\/agora.xtec.cat\/instarragona\/wp-content\/uploads\/usu484\/2019\/12\/IMG_20191203_102524-300x300.jpg 300w, https:\/\/agora.xtec.cat\/instarragona\/wp-content\/uploads\/usu484\/2019\/12\/IMG_20191203_102524-768x768.jpg 768w, https:\/\/agora.xtec.cat\/instarragona\/wp-content\/uploads\/usu484\/2019\/12\/IMG_20191203_102524-1024x1024.jpg 1024w\" sizes=\"auto, (max-width: 248px) 100vw, 248px\" \/><\/a><\/td>\n<td><a href=\"https:\/\/agora.xtec.cat\/instarragona\/wp-content\/uploads\/usu484\/2019\/12\/IMG_20191203_102618.jpg\"><img loading=\"lazy\" decoding=\"async\" class=\"aligncenter wp-image-1400\" src=\"https:\/\/agora.xtec.cat\/instarragona\/wp-content\/uploads\/usu484\/2019\/12\/IMG_20191203_102618.jpg\" alt=\"\" width=\"252\" height=\"252\" srcset=\"https:\/\/agora.xtec.cat\/instarragona\/wp-content\/uploads\/usu484\/2019\/12\/IMG_20191203_102618.jpg 1564w, https:\/\/agora.xtec.cat\/instarragona\/wp-content\/uploads\/usu484\/2019\/12\/IMG_20191203_102618-150x150.jpg 150w, https:\/\/agora.xtec.cat\/instarragona\/wp-content\/uploads\/usu484\/2019\/12\/IMG_20191203_102618-300x300.jpg 300w, https:\/\/agora.xtec.cat\/instarragona\/wp-content\/uploads\/usu484\/2019\/12\/IMG_20191203_102618-768x768.jpg 768w, https:\/\/agora.xtec.cat\/instarragona\/wp-content\/uploads\/usu484\/2019\/12\/IMG_20191203_102618-1024x1024.jpg 1024w\" sizes=\"auto, (max-width: 252px) 100vw, 252px\" \/><\/a><\/td>\n<\/tr>\n<\/tbody>\n<\/table>\n<p>I des de catal\u00e0 tamb\u00e9 van ser prou creatius!<\/p>\n<p>Moltes gr\u00e0cies a tots per la bona feina!<\/p>\n<p><a href=\"https:\/\/drive.google.com\/open?id=1w-BIQKkqTBvfox5gscfJkJ2SQZrE9isF\"><img loading=\"lazy\" decoding=\"async\" class=\"wp-image-1387 alignleft\" src=\"https:\/\/agora.xtec.cat\/instarragona\/wp-content\/uploads\/usu484\/2019\/12\/Captura2.png\" alt=\"\" width=\"406\" height=\"227\" srcset=\"https:\/\/agora.xtec.cat\/instarragona\/wp-content\/uploads\/usu484\/2019\/12\/Captura2.png 1275w, https:\/\/agora.xtec.cat\/instarragona\/wp-content\/uploads\/usu484\/2019\/12\/Captura2-300x168.png 300w, https:\/\/agora.xtec.cat\/instarragona\/wp-content\/uploads\/usu484\/2019\/12\/Captura2-768x429.png 768w, https:\/\/agora.xtec.cat\/instarragona\/wp-content\/uploads\/usu484\/2019\/12\/Captura2-1024x573.png 1024w\" sizes=\"auto, (max-width: 406px) 100vw, 406px\" \/><br \/>\n<\/a><a href=\"https:\/\/drive.google.com\/open?id=1pWIeTDCRhaCMkFM7rqrhyei-lsEV1x18\"><img loading=\"lazy\" decoding=\"async\" class=\"alignleft wp-image-1405\" src=\"https:\/\/agora.xtec.cat\/instarragona\/wp-content\/uploads\/usu484\/2019\/12\/Captura-3.png\" alt=\"\" width=\"367\" height=\"206\" srcset=\"https:\/\/agora.xtec.cat\/instarragona\/wp-content\/uploads\/usu484\/2019\/12\/Captura-3.png 837w, https:\/\/agora.xtec.cat\/instarragona\/wp-content\/uploads\/usu484\/2019\/12\/Captura-3-300x168.png 300w, https:\/\/agora.xtec.cat\/instarragona\/wp-content\/uploads\/usu484\/2019\/12\/Captura-3-768x430.png 768w\" sizes=\"auto, (max-width: 367px) 100vw, 367px\" \/><\/a><a href=\"https:\/\/drive.google.com\/open?id=1Qqsux2muAJDI2xAyj45C1cEVvwA281TH\"><img loading=\"lazy\" decoding=\"async\" class=\"wp-image-1388 alignleft\" src=\"https:\/\/agora.xtec.cat\/instarragona\/wp-content\/uploads\/usu484\/2019\/12\/Captura-1.png\" alt=\"\" width=\"374\" height=\"211\" srcset=\"https:\/\/agora.xtec.cat\/instarragona\/wp-content\/uploads\/usu484\/2019\/12\/Captura-1.png 1271w, https:\/\/agora.xtec.cat\/instarragona\/wp-content\/uploads\/usu484\/2019\/12\/Captura-1-300x169.png 300w, https:\/\/agora.xtec.cat\/instarragona\/wp-content\/uploads\/usu484\/2019\/12\/Captura-1-768x433.png 768w, https:\/\/agora.xtec.cat\/instarragona\/wp-content\/uploads\/usu484\/2019\/12\/Captura-1-1024x578.png 1024w\" sizes=\"auto, (max-width: 374px) 100vw, 374px\" \/><\/a><\/p>\n","protected":false},"excerpt":{"rendered":"<p>T\u2019ha passat mai que esperant al sem\u00e0for si tens un autob\u00fas al costat no pots respirar? Necessites realment el cotxe a Tarragona? Saps com funciona un vehicle el\u00e8ctric? Contamina? D\u2019on surt l\u2019electricitat? S\u00f3n important els arbres, les plantes, els parcs a la nostra ciutat?<br \/>\nEls alumnes&hellip;  <a href=\"https:\/\/agora.xtec.cat\/instarragona\/eso\/eso-3\/quin-fums-el-projecte-cientificotecnic-a-3r-eso\/\" title=\"Read Quins fums! El projecte cientificot\u00e8cnic a 3r ESO\">Llegeix m\u00e9s\u00bb<\/a><\/p>\n","protected":false},"author":1,"featured_media":1386,"comment_status":"open","ping_status":"closed","sticky":false,"template":"","format":"standard","meta":{"_bbp_topic_count":0,"_bbp_reply_count":0,"_bbp_total_topic_count":0,"_bbp_total_reply_count":0,"_bbp_voice_count":0,"_bbp_anonymous_reply_count":0,"_bbp_topic_count_hidden":0,"_bbp_reply_count_hidden":0,"_bbp_forum_subforum_count":0,"footnotes":""},"categories":[6,29,100],"tags":[108,99,109,110],"class_list":["post-1385","post","type-post","status-publish","format-standard","has-post-thumbnail","hentry","category-eso-3","category-portada","category-projectes","tag-activitats","tag-projectes","tag-setmana-ciencia","tag-tecnologia"],"post_mailing_queue_ids":[],"_links":{"self":[{"href":"https:\/\/agora.xtec.cat\/instarragona\/wp-json\/wp\/v2\/posts\/1385","targetHints":{"allow":["GET"]}}],"collection":[{"href":"https:\/\/agora.xtec.cat\/instarragona\/wp-json\/wp\/v2\/posts"}],"about":[{"href":"https:\/\/agora.xtec.cat\/instarragona\/wp-json\/wp\/v2\/types\/post"}],"author":[{"embeddable":true,"href":"https:\/\/agora.xtec.cat\/instarragona\/wp-json\/wp\/v2\/users\/1"}],"replies":[{"embeddable":true,"href":"https:\/\/agora.xtec.cat\/instarragona\/wp-json\/wp\/v2\/comments?post=1385"}],"version-history":[{"count":3,"href":"https:\/\/agora.xtec.cat\/instarragona\/wp-json\/wp\/v2\/posts\/1385\/revisions"}],"predecessor-version":[{"id":1488,"href":"https:\/\/agora.xtec.cat\/instarragona\/wp-json\/wp\/v2\/posts\/1385\/revisions\/1488"}],"wp:featuredmedia":[{"embeddable":true,"href":"https:\/\/agora.xtec.cat\/instarragona\/wp-json\/wp\/v2\/media\/1386"}],"wp:attachment":[{"href":"https:\/\/agora.xtec.cat\/instarragona\/wp-json\/wp\/v2\/media?parent=1385"}],"wp:term":[{"taxonomy":"category","embeddable":true,"href":"https:\/\/agora.xtec.cat\/instarragona\/wp-json\/wp\/v2\/categories?post=1385"},{"taxonomy":"post_tag","embeddable":true,"href":"https:\/\/agora.xtec.cat\/instarragona\/wp-json\/wp\/v2\/tags?post=1385"}],"curies":[{"name":"wp","href":"https:\/\/api.w.org\/{rel}","templated":true}]}}