{"id":1358,"date":"2019-11-25T11:50:28","date_gmt":"2019-11-25T10:50:28","guid":{"rendered":"http:\/\/agora.xtec.cat\/instarragona\/?p=1358"},"modified":"2019-12-10T12:39:57","modified_gmt":"2019-12-10T11:39:57","slug":"25-11-eliminem-la-violencia-envers-les-dones","status":"publish","type":"post","link":"https:\/\/agora.xtec.cat\/instarragona\/portada\/25-11-eliminem-la-violencia-envers-les-dones\/","title":{"rendered":"25-11 &#8211; Eliminem la viol\u00e8ncia envers les dones"},"content":{"rendered":"<p>Els centres educatius s\u00f3n un espai privilegiat de formaci\u00f3 en valors i de socialitzaci\u00f3 en relacions lliures de viol\u00e8ncia masclista. Per aix\u00f2, volem que s\u2019hi evidenci\u00ef i s\u2019hi<br \/>\nactu\u00ef en contra de la viol\u00e8ncia que pateixen les les noies pel sol fet de ser-ho.<\/p>\n<p>Volem unes noies i uns nois lliures amb el m\u00f3n per davant, empoderats per trencar les limitacions del g\u00e8nere i les construccions socials que els i les limiten, lliures per<br \/>\nexpressar la seva viv\u00e8ncia de g\u00e8nere, respectuosos entre si, i amb uns valors convivencials basats en la llibertat, la responsabilitat, la solidaritat, el respecte, la<br \/>\nigualtat i l\u2019equitat.<\/p>\n<p><a href=\"https:\/\/agora.xtec.cat\/instarragona\/wp-content\/uploads\/usu484\/2019\/11\/IMG_20191125_112125.jpg\"><img loading=\"lazy\" decoding=\"async\" class=\"wp-image-1359 aligncenter\" src=\"https:\/\/agora.xtec.cat\/instarragona\/wp-content\/uploads\/usu484\/2019\/11\/IMG_20191125_112125.jpg\" alt=\"\" width=\"472\" height=\"1127\" srcset=\"https:\/\/agora.xtec.cat\/instarragona\/wp-content\/uploads\/usu484\/2019\/11\/IMG_20191125_112125.jpg 899w, https:\/\/agora.xtec.cat\/instarragona\/wp-content\/uploads\/usu484\/2019\/11\/IMG_20191125_112125-126x300.jpg 126w, https:\/\/agora.xtec.cat\/instarragona\/wp-content\/uploads\/usu484\/2019\/11\/IMG_20191125_112125-768x1834.jpg 768w, https:\/\/agora.xtec.cat\/instarragona\/wp-content\/uploads\/usu484\/2019\/11\/IMG_20191125_112125-429x1024.jpg 429w\" sizes=\"auto, (max-width: 472px) 100vw, 472px\" \/><\/a><\/p>\n<p style=\"text-align: center;\"><iframe loading=\"lazy\" src=\"https:\/\/www.youtube.com\/embed\/EvIb57k-X-Q\" width=\"560\" height=\"315\" frameborder=\"0\" allowfullscreen=\"allowfullscreen\"><\/iframe><\/p>\n<p style=\"text-align: center;\"><strong><a href=\"https:\/\/drive.google.com\/open?id=1wSw1VWLbnJvYtocUtbaZu331HB5H3Hp8\">MANIFEST<\/a> DIA INTERNACIONAL PER L&#8217;ELIMINACI\u00d3 LA VIOL\u00c8NCIA ENVERS LES DONES.<\/strong><\/p>\n","protected":false},"excerpt":{"rendered":"<p>Els centres educatius s\u00f3n un espai privilegiat de formaci\u00f3 en valors i de socialitzaci\u00f3 en relacions lliures de viol\u00e8ncia masclista. Per aix\u00f2, volem que s\u2019hi evidenci\u00ef i s\u2019hi<br \/>\nactu\u00ef en contra de la viol\u00e8ncia que pateixen les les noies pel sol fet de ser-ho.<br \/>\nVolem unes noies&hellip;  <a href=\"https:\/\/agora.xtec.cat\/instarragona\/portada\/25-11-eliminem-la-violencia-envers-les-dones\/\" title=\"Read 25-11 &#8211; Eliminem la viol\u00e8ncia envers les dones\">Llegeix m\u00e9s\u00bb<\/a><\/p>\n","protected":false},"author":1,"featured_media":1359,"comment_status":"open","ping_status":"closed","sticky":false,"template":"","format":"standard","meta":{"_bbp_topic_count":0,"_bbp_reply_count":0,"_bbp_total_topic_count":0,"_bbp_total_reply_count":0,"_bbp_voice_count":0,"_bbp_anonymous_reply_count":0,"_bbp_topic_count_hidden":0,"_bbp_reply_count_hidden":0,"_bbp_forum_subforum_count":0,"footnotes":""},"categories":[29],"tags":[108],"class_list":["post-1358","post","type-post","status-publish","format-standard","has-post-thumbnail","hentry","category-portada","tag-activitats"],"post_mailing_queue_ids":[],"_links":{"self":[{"href":"https:\/\/agora.xtec.cat\/instarragona\/wp-json\/wp\/v2\/posts\/1358","targetHints":{"allow":["GET"]}}],"collection":[{"href":"https:\/\/agora.xtec.cat\/instarragona\/wp-json\/wp\/v2\/posts"}],"about":[{"href":"https:\/\/agora.xtec.cat\/instarragona\/wp-json\/wp\/v2\/types\/post"}],"author":[{"embeddable":true,"href":"https:\/\/agora.xtec.cat\/instarragona\/wp-json\/wp\/v2\/users\/1"}],"replies":[{"embeddable":true,"href":"https:\/\/agora.xtec.cat\/instarragona\/wp-json\/wp\/v2\/comments?post=1358"}],"version-history":[{"count":3,"href":"https:\/\/agora.xtec.cat\/instarragona\/wp-json\/wp\/v2\/posts\/1358\/revisions"}],"predecessor-version":[{"id":1419,"href":"https:\/\/agora.xtec.cat\/instarragona\/wp-json\/wp\/v2\/posts\/1358\/revisions\/1419"}],"wp:featuredmedia":[{"embeddable":true,"href":"https:\/\/agora.xtec.cat\/instarragona\/wp-json\/wp\/v2\/media\/1359"}],"wp:attachment":[{"href":"https:\/\/agora.xtec.cat\/instarragona\/wp-json\/wp\/v2\/media?parent=1358"}],"wp:term":[{"taxonomy":"category","embeddable":true,"href":"https:\/\/agora.xtec.cat\/instarragona\/wp-json\/wp\/v2\/categories?post=1358"},{"taxonomy":"post_tag","embeddable":true,"href":"https:\/\/agora.xtec.cat\/instarragona\/wp-json\/wp\/v2\/tags?post=1358"}],"curies":[{"name":"wp","href":"https:\/\/api.w.org\/{rel}","templated":true}]}}