{"id":1340,"date":"2019-11-20T14:24:00","date_gmt":"2019-11-20T13:24:00","guid":{"rendered":"http:\/\/agora.xtec.cat\/instarragona\/?p=1340"},"modified":"2019-11-20T14:25:28","modified_gmt":"2019-11-20T13:25:28","slug":"el-gran-recapte-comencem","status":"publish","type":"post","link":"https:\/\/agora.xtec.cat\/instarragona\/eso\/eso-3\/el-gran-recapte-comencem\/","title":{"rendered":"El gran recapte. Animeu-vos!"},"content":{"rendered":"<p>Aquesta setmana els alumnes de 3r ESO a la mat\u00e8ria de valors i religi\u00f3 i dins del servei comunitari col\u00b7laborem amb la Campanya del Gran Recapte d\u2019aliments que realitzar\u00e0 l\u2019Entitat del Banc dels Aliments el proper 22 i 23 de novembre.<br \/>\nLa recollida es dur\u00e0 a terme a l\u2019Institut fins el 22 de novembre, i es podran deixar els aliments en caixes que trobareu a les classes.<br \/>\nPodeu portar: llet, oli, llegums, conserves, pasta i arr\u00f2s.<\/p>\n<p>Per fer-ho m\u00e9s engrescador hem penjat uns term\u00f2metres per veure<br \/>\nquina \u00e9s la classe m\u00e9s solid\u00e0ria. <a href=\"https:\/\/agora.xtec.cat\/instarragona\/wp-content\/uploads\/usu484\/2019\/11\/Captura.jpg\"><img loading=\"lazy\" decoding=\"async\" class=\"size-full wp-image-1341 alignleft\" src=\"https:\/\/agora.xtec.cat\/instarragona\/wp-content\/uploads\/usu484\/2019\/11\/Captura.jpg\" alt=\"\" width=\"275\" height=\"188\" \/><\/a><\/p>\n<p>Vinga animeu-vos i feu la vostra donaci\u00f3!!<\/p>\n<p><a href=\"https:\/\/agora.xtec.cat\/instarragona\/wp-content\/uploads\/usu484\/2019\/11\/Captura-1.jpg\"><img loading=\"lazy\" decoding=\"async\" class=\"aligncenter size-full wp-image-1342\" src=\"https:\/\/agora.xtec.cat\/instarragona\/wp-content\/uploads\/usu484\/2019\/11\/Captura-1.jpg\" alt=\"\" width=\"307\" height=\"185\" srcset=\"https:\/\/agora.xtec.cat\/instarragona\/wp-content\/uploads\/usu484\/2019\/11\/Captura-1.jpg 307w, https:\/\/agora.xtec.cat\/instarragona\/wp-content\/uploads\/usu484\/2019\/11\/Captura-1-300x181.jpg 300w\" sizes=\"auto, (max-width: 307px) 100vw, 307px\" \/><\/a><br \/>\n<iframe loading=\"lazy\" width=\"560\" height=\"315\" src=\"https:\/\/www.youtube.com\/embed\/-LvSx4aid_E\" frameborder=\"0\" allow=\"accelerometer; autoplay; encrypted-media; gyroscope; picture-in-picture\" allowfullscreen><\/iframe><\/p>\n<p>&nbsp;<\/p>\n","protected":false},"excerpt":{"rendered":"<p>Aquesta setmana els alumnes de 3r ESO a la mat\u00e8ria de valors i religi\u00f3 i dins del servei comunitari col\u00b7laborem amb la Campanya del Gran Recapte d\u2019aliments que realitzar\u00e0 l\u2019Entitat del Banc dels Aliments el proper 22 i 23 de novembre.<br \/>\nLa recollida es dur\u00e0 a&hellip;  <a href=\"https:\/\/agora.xtec.cat\/instarragona\/eso\/eso-3\/el-gran-recapte-comencem\/\" title=\"Read El gran recapte. Animeu-vos!\">Llegeix m\u00e9s\u00bb<\/a><\/p>\n","protected":false},"author":1,"featured_media":1342,"comment_status":"open","ping_status":"closed","sticky":false,"template":"","format":"standard","meta":{"_bbp_topic_count":0,"_bbp_reply_count":0,"_bbp_total_topic_count":0,"_bbp_total_reply_count":0,"_bbp_voice_count":0,"_bbp_anonymous_reply_count":0,"_bbp_topic_count_hidden":0,"_bbp_reply_count_hidden":0,"_bbp_forum_subforum_count":0,"footnotes":""},"categories":[6,29],"tags":[108,99],"class_list":["post-1340","post","type-post","status-publish","format-standard","has-post-thumbnail","hentry","category-eso-3","category-portada","tag-activitats","tag-projectes"],"post_mailing_queue_ids":[],"_links":{"self":[{"href":"https:\/\/agora.xtec.cat\/instarragona\/wp-json\/wp\/v2\/posts\/1340","targetHints":{"allow":["GET"]}}],"collection":[{"href":"https:\/\/agora.xtec.cat\/instarragona\/wp-json\/wp\/v2\/posts"}],"about":[{"href":"https:\/\/agora.xtec.cat\/instarragona\/wp-json\/wp\/v2\/types\/post"}],"author":[{"embeddable":true,"href":"https:\/\/agora.xtec.cat\/instarragona\/wp-json\/wp\/v2\/users\/1"}],"replies":[{"embeddable":true,"href":"https:\/\/agora.xtec.cat\/instarragona\/wp-json\/wp\/v2\/comments?post=1340"}],"version-history":[{"count":2,"href":"https:\/\/agora.xtec.cat\/instarragona\/wp-json\/wp\/v2\/posts\/1340\/revisions"}],"predecessor-version":[{"id":1344,"href":"https:\/\/agora.xtec.cat\/instarragona\/wp-json\/wp\/v2\/posts\/1340\/revisions\/1344"}],"wp:featuredmedia":[{"embeddable":true,"href":"https:\/\/agora.xtec.cat\/instarragona\/wp-json\/wp\/v2\/media\/1342"}],"wp:attachment":[{"href":"https:\/\/agora.xtec.cat\/instarragona\/wp-json\/wp\/v2\/media?parent=1340"}],"wp:term":[{"taxonomy":"category","embeddable":true,"href":"https:\/\/agora.xtec.cat\/instarragona\/wp-json\/wp\/v2\/categories?post=1340"},{"taxonomy":"post_tag","embeddable":true,"href":"https:\/\/agora.xtec.cat\/instarragona\/wp-json\/wp\/v2\/tags?post=1340"}],"curies":[{"name":"wp","href":"https:\/\/api.w.org\/{rel}","templated":true}]}}