{"id":1322,"date":"2019-11-14T12:52:03","date_gmt":"2019-11-14T11:52:03","guid":{"rendered":"http:\/\/agora.xtec.cat\/instarragona\/?p=1322"},"modified":"2019-11-14T12:52:13","modified_gmt":"2019-11-14T11:52:13","slug":"intercanvi-de-suecia","status":"publish","type":"post","link":"https:\/\/agora.xtec.cat\/instarragona\/eso\/eso-3\/intercanvi-de-suecia\/","title":{"rendered":"Intercanvi de Su\u00e8cia"},"content":{"rendered":"<p>Tal i com us vam anunciar fa uns dies, els nostres alumnes de 3r d&#8217;ESO d&#8217;angl\u00e8s han acollit vint-i-cinc alumnes suecs de l&#8217;institut de Partille (G\u00f6teborg). Aquests alumnes han estat d&#8217;intercanvi a la nostra ciutat durant el darrer m\u00e9s d&#8217;octubre.<\/p>\n<p>Tots ells s&#8217;ho han passat d&#8217;all\u00f2 m\u00e9s b\u00e9 amb les visites culturals i les activitats l\u00fadiques que els hem preparat. Nosaltres tamb\u00e9 hem gaudit de l&#8217;experi\u00e8ncia i hem tingut l&#8217;oportunitat de practicar el m\u00e0xim la llengua anglesa i con\u00e8ixer una manera diferent de fer. Aqu\u00ed teniu un petit tast de les nostres activitats.<\/p>\n<p>Si voleu con\u00e8ixer alguns dels detalls, aqu\u00ed teniu un petit \u00e0lbum de fotografies.<br \/>\n<script src=\"https:\/\/cdn.jsdelivr.net\/npm\/publicalbum@latest\/embed-ui.min.js\" async><\/script><\/p>\n<div class=\"pa-gallery-player-widget\" style=\"width: 100%; height: 480px; display: none;\" data-link=\"https:\/\/photos.app.goo.gl\/TdNRV2Hw6y1immga8\" data-title=\"19-20 Intercanvi Su\u00e8cia\" data-description=\"10 new photos added to shared album\"><object data=\"https:\/\/lh3.googleusercontent.com\/dnFPhJRPz95PqX_NvideqVyxpXcGsdKDgSy6o3FU3rNP1x5WHTeknJYm0kwLgR_Hx1Vjk6jHQqk_evRK27Vm2MO-slNHpf-bZvSf7KwJfJxdIgEXu9FppMR1XFxqprvfPzBRpzm2Hg=w1920-h1080\" width=\"300\" height=\"150\"><\/object><br \/>\n<object data=\"https:\/\/lh3.googleusercontent.com\/MDjCNHtbBvfx9n_O3dAasY4M9ChRKi8fAEflCPEGTz1i0wsIB7u-aO7d-pJaFRm5ZplJhu6vLDgf63E6iqcYU-UVn9iU3wFYs1gAwIxLzF1mKWOobxmaEHEoucGm1emAUfy4mrC7Zg=w1920-h1080\" width=\"300\" height=\"150\"><\/object><br \/>\n<object data=\"https:\/\/lh3.googleusercontent.com\/bnaf2cWIGhaIjnM237QIjn7IVgaVbbAeGouDRdXHIngQ9LOJXla2fZMEU6GQDvooRBafoKY3D8a_HxWLPLMsoSsJcxZNL96Q0TcTLKljem02YBm9G505YWO4jgF0EvvnXEfZfE-SmA=w1920-h1080\" width=\"300\" height=\"150\"><\/object><br \/>\n<object data=\"https:\/\/lh3.googleusercontent.com\/y0rwBv6cAX9H3jrEm4alkAi9EF6vaLyOW8RX3Gm5Mj_Sgh__fDwPTe9uSMx0QcYM1UBDe1n2BX2-taeWtTToHJ51kzqz4Rt-AiKCWy5Vpy9oGUqbY8hrdgqfgIYr0FCWZN1VK6sZww=w1920-h1080\" width=\"300\" height=\"150\"><\/object><br \/>\n<object data=\"https:\/\/lh3.googleusercontent.com\/VXg1pTU6-FUyQ0mrXUNzqRSd9WDjU0ZgsqmkGirh4sASLHhcXNYh9lu7YI-HqxLx1bP3po4I0ST4DzxmlaQFuDpFHlOl1OpJkgBgHqLvOAxHKTD_KFZ19Pn2uJrna4HlATUmtCFYaQ=w1920-h1080\" width=\"300\" height=\"150\"><\/object><br \/>\n<object data=\"https:\/\/lh3.googleusercontent.com\/9Fm1s6dIeiKF5uPGTidFZTTiLDfkbl8Wl25-RIyllp-SHguEkzbMJ4lb8ud7qGTe6jaJVZZD8GZduRUWEgxbqJSs0iMpdYu1yd-EA7flYfBo4Ji1Z7ufoMHZxVSZA4-KIM0Hn3btgA=w1920-h1080\" width=\"300\" height=\"150\"><\/object><br \/>\n<object data=\"https:\/\/lh3.googleusercontent.com\/sk2YgNovFyBMfdxJKOcnF4HXYp3eqkNh_Mhlgu7WSlsqcJy8deiLGlK7PtYskV4WdCpphAvUqu6n0dYFvwnJo9gKXc5TC0m1GTgKBPHiV8f1AjkOncDI99KJDD6b-zAzpRpnu0R4dw=w1920-h1080\" width=\"300\" height=\"150\"><\/object><br \/>\n<object data=\"https:\/\/lh3.googleusercontent.com\/PV6YKlxiPUXMJkL_RSqkxxQcJVZgeXPvXadHnEoBs6BGPmilnzcVCvC2GWvNVcmLkmLmDceCuo-aD9h-UpYCxJrgOEKtP3-krP-dlBFb6q6dEBoi6nOQjmo3nM5dlN0YaFprSNU0Gw=w1920-h1080\" width=\"300\" height=\"150\"><\/object><br \/>\n<object data=\"https:\/\/lh3.googleusercontent.com\/jhRCEHO_qG_Kvk16iXyR3N7wKlL-4Ub7s_F1oB2X-QSJE2ZEzoBIqWxy52edk84Tzb3ZcFLMsiImUR22jmkKUuhalU46nhOHY6vpj91J4YMSV9ZCcoOnMxyoJTMzyg6Ma6jLvlweRA=w1920-h1080\" width=\"300\" height=\"150\"><\/object><br \/>\n<object data=\"https:\/\/lh3.googleusercontent.com\/dV4xKXTp89PPQor_430NK49sJVjnZx1Vwf35y4lrxoNMwtlMJsYTSyjN751MAkg53z_SUXhUBICQpGyK68IUYtdLWi3oOEbl-gPOoyaYQqmdyVuJO_NZPZDMbfomri3GBO5WsF2GSw=w1920-h1080\" width=\"300\" height=\"150\"><\/object><\/div>\n","protected":false},"excerpt":{"rendered":"<p>Tal i com us vam anunciar fa uns dies, els nostres alumnes de 3r d&#8217;ESO d&#8217;angl\u00e8s han acollit vint-i-cinc alumnes suecs de l&#8217;institut de Partille (G\u00f6teborg). Aquests alumnes han estat d&#8217;intercanvi a la nostra ciutat durant el darrer m\u00e9s d&#8217;octubre.<br \/>\nTots ells s&#8217;ho han passat d&#8217;all\u00f2&hellip;  <a href=\"https:\/\/agora.xtec.cat\/instarragona\/eso\/eso-3\/intercanvi-de-suecia\/\" title=\"Read Intercanvi de Su\u00e8cia\">Llegeix m\u00e9s\u00bb<\/a><\/p>\n","protected":false},"author":1,"featured_media":1323,"comment_status":"open","ping_status":"closed","sticky":false,"template":"","format":"standard","meta":{"_bbp_topic_count":0,"_bbp_reply_count":0,"_bbp_total_topic_count":0,"_bbp_total_reply_count":0,"_bbp_voice_count":0,"_bbp_anonymous_reply_count":0,"_bbp_topic_count_hidden":0,"_bbp_reply_count_hidden":0,"_bbp_forum_subforum_count":0,"footnotes":""},"categories":[6,29,100],"tags":[105],"class_list":["post-1322","post","type-post","status-publish","format-standard","has-post-thumbnail","hentry","category-eso-3","category-portada","category-projectes","tag-intercanvis"],"post_mailing_queue_ids":[],"_links":{"self":[{"href":"https:\/\/agora.xtec.cat\/instarragona\/wp-json\/wp\/v2\/posts\/1322","targetHints":{"allow":["GET"]}}],"collection":[{"href":"https:\/\/agora.xtec.cat\/instarragona\/wp-json\/wp\/v2\/posts"}],"about":[{"href":"https:\/\/agora.xtec.cat\/instarragona\/wp-json\/wp\/v2\/types\/post"}],"author":[{"embeddable":true,"href":"https:\/\/agora.xtec.cat\/instarragona\/wp-json\/wp\/v2\/users\/1"}],"replies":[{"embeddable":true,"href":"https:\/\/agora.xtec.cat\/instarragona\/wp-json\/wp\/v2\/comments?post=1322"}],"version-history":[{"count":2,"href":"https:\/\/agora.xtec.cat\/instarragona\/wp-json\/wp\/v2\/posts\/1322\/revisions"}],"predecessor-version":[{"id":1325,"href":"https:\/\/agora.xtec.cat\/instarragona\/wp-json\/wp\/v2\/posts\/1322\/revisions\/1325"}],"wp:featuredmedia":[{"embeddable":true,"href":"https:\/\/agora.xtec.cat\/instarragona\/wp-json\/wp\/v2\/media\/1323"}],"wp:attachment":[{"href":"https:\/\/agora.xtec.cat\/instarragona\/wp-json\/wp\/v2\/media?parent=1322"}],"wp:term":[{"taxonomy":"category","embeddable":true,"href":"https:\/\/agora.xtec.cat\/instarragona\/wp-json\/wp\/v2\/categories?post=1322"},{"taxonomy":"post_tag","embeddable":true,"href":"https:\/\/agora.xtec.cat\/instarragona\/wp-json\/wp\/v2\/tags?post=1322"}],"curies":[{"name":"wp","href":"https:\/\/api.w.org\/{rel}","templated":true}]}}