{"id":1309,"date":"2019-11-04T11:47:45","date_gmt":"2019-11-04T10:47:45","guid":{"rendered":"http:\/\/agora.xtec.cat\/instarragona\/?p=1309"},"modified":"2019-12-10T12:45:20","modified_gmt":"2019-12-10T11:45:20","slug":"percuriositat","status":"publish","type":"post","link":"https:\/\/agora.xtec.cat\/instarragona\/eso\/percuriositat\/","title":{"rendered":"Percuriositat!"},"content":{"rendered":"<p>Des del departament de m\u00fasica hem organitzat l\u2019activitat PERCURIOSITAT.<\/p>\n<p>\u00c9s un taller de treball d\u2019expressi\u00f3 i percussi\u00f3 corporal on han pogut treballar amb en Kike Cuadros, un expert en la mat\u00e8ria.<\/p>\n<p><iframe loading=\"lazy\" src=\"https:\/\/www.youtube.com\/embed\/vekGmpG9m1c\" width=\"560\" height=\"315\" frameborder=\"0\" allowfullscreen=\"allowfullscreen\"><\/iframe><\/p>\n<p>Amb aquest taller millorem i avaluem el treball en equip, la coordinaci\u00f3 i el sentit r\u00edtmic, compet\u00e8ncies molt importants a la nostra mat\u00e8ria. Ha estat un taller molt actiu i interessant i avui hi han participat els alumnes de 1r d\u2019ESO. <a href=\"https:\/\/drive.google.com\/open?id=1VkeuCwLJH0ufksTjW0ALA5QQOSJPRTZU\">Aqu\u00ed<\/a> en teniu una mostra de l\u2019experi\u00e8ncia!<\/p>\n<table style=\"width: 829px;\">\n<tbody>\n<tr>\n<td style=\"width: 423px;\"><a href=\"https:\/\/agora.xtec.cat\/instarragona\/wp-content\/uploads\/usu484\/2019\/11\/image0.jpeg\"><img loading=\"lazy\" decoding=\"async\" class=\"aligncenter wp-image-1310\" src=\"https:\/\/agora.xtec.cat\/instarragona\/wp-content\/uploads\/usu484\/2019\/11\/image0.jpeg\" alt=\"\" width=\"430\" height=\"258\" srcset=\"https:\/\/agora.xtec.cat\/instarragona\/wp-content\/uploads\/usu484\/2019\/11\/image0.jpeg 640w, https:\/\/agora.xtec.cat\/instarragona\/wp-content\/uploads\/usu484\/2019\/11\/image0-300x180.jpeg 300w\" sizes=\"auto, (max-width: 430px) 100vw, 430px\" \/><\/a><\/td>\n<td style=\"width: 398px;\"><a href=\"https:\/\/agora.xtec.cat\/instarragona\/wp-content\/uploads\/usu484\/2019\/11\/image9.jpeg\"><img loading=\"lazy\" decoding=\"async\" class=\"aligncenter wp-image-1311\" src=\"https:\/\/agora.xtec.cat\/instarragona\/wp-content\/uploads\/usu484\/2019\/11\/image9.jpeg\" alt=\"\" width=\"350\" height=\"274\" srcset=\"https:\/\/agora.xtec.cat\/instarragona\/wp-content\/uploads\/usu484\/2019\/11\/image9.jpeg 640w, https:\/\/agora.xtec.cat\/instarragona\/wp-content\/uploads\/usu484\/2019\/11\/image9-300x235.jpeg 300w\" sizes=\"auto, (max-width: 350px) 100vw, 350px\" \/><\/a><\/td>\n<\/tr>\n<\/tbody>\n<\/table>\n","protected":false},"excerpt":{"rendered":"<p>Des del departament de m\u00fasica hem organitzat l\u2019activitat PERCURIOSITAT.<br \/>\n\u00c9s un taller de treball d\u2019expressi\u00f3 i percussi\u00f3 corporal on han pogut treballar amb en Kike Cuadros, un expert en la mat\u00e8ria.<\/p>\n<p>Amb aquest taller millorem i avaluem el treball en equip, la coordinaci\u00f3 i el sentit r\u00edtmic,&hellip;  <a href=\"https:\/\/agora.xtec.cat\/instarragona\/eso\/percuriositat\/\" title=\"Read Percuriositat!\">Llegeix m\u00e9s\u00bb<\/a><\/p>\n","protected":false},"author":1,"featured_media":1312,"comment_status":"open","ping_status":"closed","sticky":false,"template":"","format":"standard","meta":{"_bbp_topic_count":0,"_bbp_reply_count":0,"_bbp_total_topic_count":0,"_bbp_total_reply_count":0,"_bbp_voice_count":0,"_bbp_anonymous_reply_count":0,"_bbp_topic_count_hidden":0,"_bbp_reply_count_hidden":0,"_bbp_forum_subforum_count":0,"footnotes":""},"categories":[3,4,29],"tags":[108,111,58],"class_list":["post-1309","post","type-post","status-publish","format-standard","has-post-thumbnail","hentry","category-eso","category-eso-1","category-portada","tag-activitats","tag-musica","tag-tallers"],"post_mailing_queue_ids":[],"_links":{"self":[{"href":"https:\/\/agora.xtec.cat\/instarragona\/wp-json\/wp\/v2\/posts\/1309","targetHints":{"allow":["GET"]}}],"collection":[{"href":"https:\/\/agora.xtec.cat\/instarragona\/wp-json\/wp\/v2\/posts"}],"about":[{"href":"https:\/\/agora.xtec.cat\/instarragona\/wp-json\/wp\/v2\/types\/post"}],"author":[{"embeddable":true,"href":"https:\/\/agora.xtec.cat\/instarragona\/wp-json\/wp\/v2\/users\/1"}],"replies":[{"embeddable":true,"href":"https:\/\/agora.xtec.cat\/instarragona\/wp-json\/wp\/v2\/comments?post=1309"}],"version-history":[{"count":2,"href":"https:\/\/agora.xtec.cat\/instarragona\/wp-json\/wp\/v2\/posts\/1309\/revisions"}],"predecessor-version":[{"id":1315,"href":"https:\/\/agora.xtec.cat\/instarragona\/wp-json\/wp\/v2\/posts\/1309\/revisions\/1315"}],"wp:featuredmedia":[{"embeddable":true,"href":"https:\/\/agora.xtec.cat\/instarragona\/wp-json\/wp\/v2\/media\/1312"}],"wp:attachment":[{"href":"https:\/\/agora.xtec.cat\/instarragona\/wp-json\/wp\/v2\/media?parent=1309"}],"wp:term":[{"taxonomy":"category","embeddable":true,"href":"https:\/\/agora.xtec.cat\/instarragona\/wp-json\/wp\/v2\/categories?post=1309"},{"taxonomy":"post_tag","embeddable":true,"href":"https:\/\/agora.xtec.cat\/instarragona\/wp-json\/wp\/v2\/tags?post=1309"}],"curies":[{"name":"wp","href":"https:\/\/api.w.org\/{rel}","templated":true}]}}