{"id":1306,"date":"2019-11-04T09:32:24","date_gmt":"2019-11-04T08:32:24","guid":{"rendered":"http:\/\/agora.xtec.cat\/instarragona\/?p=1306"},"modified":"2019-12-10T12:45:34","modified_gmt":"2019-12-10T11:45:34","slug":"taller-de-mecanica-amb-el-batxillerat-tecnologic-a-la-urv","status":"publish","type":"post","link":"https:\/\/agora.xtec.cat\/instarragona\/batxillerat\/taller-de-mecanica-amb-el-batxillerat-tecnologic-a-la-urv\/","title":{"rendered":"Taller de mec\u00e0nica amb el batxillerat Tecnol\u00f2gic a la URV"},"content":{"rendered":"<p>Els alumnes de 2n de Batxillerat Tecnol\u00f2gic han participat al\u00a0 taller del LABEXPERIENCE de l&#8217;ETSEQ &#8220;Perqu\u00e8 serveixen els alerons en els autom\u00f2bils de competici\u00f3?&#8221; de la m\u00e0 del professor Llu\u00eds Vazquez.<\/p>\n<p>All\u00e0 han pogut experimentar amb el t\u00fanel de vent quins s\u00f3n els efectes d&#8217;aquests elements als autom\u00f2bils, tenint en compte els conceptes d&#8217;arrosegament i sustentaci\u00f3 que ha explicat el professor al comen\u00e7ament amb una presentaci\u00f3 molt visual.<\/p>\n<p>Pr\u00e8viament els han explicat quins graus es poden estudiar a l&#8217;ETSEQ, quines s\u00f3n les mat\u00e8ries que s&#8217;imparteixen per cada curs i han pogut resoldre dubtes que tenien sobre el seu futur acad\u00e8mic.<\/p>\n<p>Per acabar, han participat d&#8217;una xerrada sobre Enginyeria mec\u00e0nica assistida per ordinador amb el professor Albert Fabregat, on han pogut veure aplicats diversos conceptes sobre esfor\u00e7os de materials, portats a la pr\u00e0ctica en el laboratori de materials de la Universitat.<\/p>\n<div><a href=\"https:\/\/drive.google.com\/open?id=1MOp1MwYUJ64sg3czxIoucGIZ43zjYiEX\">Aqu\u00ed teniu algunes imatges.<\/a><\/div>\n","protected":false},"excerpt":{"rendered":"<p>Els alumnes de 2n de Batxillerat Tecnol\u00f2gic han participat al\u00a0 taller del LABEXPERIENCE de l&#8217;ETSEQ &#8220;Perqu\u00e8 serveixen els alerons en els autom\u00f2bils de competici\u00f3?&#8221; de la m\u00e0 del professor Llu\u00eds Vazquez.<br \/>\nAll\u00e0 han pogut experimentar amb el t\u00fanel de vent quins s\u00f3n els efectes d&#8217;aquests elements&hellip;  <a href=\"https:\/\/agora.xtec.cat\/instarragona\/batxillerat\/taller-de-mecanica-amb-el-batxillerat-tecnologic-a-la-urv\/\" title=\"Read Taller de mec\u00e0nica amb el batxillerat Tecnol\u00f2gic a la URV\">Llegeix m\u00e9s\u00bb<\/a><\/p>\n","protected":false},"author":1,"featured_media":1307,"comment_status":"open","ping_status":"closed","sticky":false,"template":"","format":"standard","meta":{"_bbp_topic_count":0,"_bbp_reply_count":0,"_bbp_total_topic_count":0,"_bbp_total_reply_count":0,"_bbp_voice_count":0,"_bbp_anonymous_reply_count":0,"_bbp_topic_count_hidden":0,"_bbp_reply_count_hidden":0,"_bbp_forum_subforum_count":0,"footnotes":""},"categories":[8,29],"tags":[39,58,110],"class_list":["post-1306","post","type-post","status-publish","format-standard","has-post-thumbnail","hentry","category-batxillerat","category-portada","tag-sortides","tag-tallers","tag-tecnologia"],"post_mailing_queue_ids":[],"_links":{"self":[{"href":"https:\/\/agora.xtec.cat\/instarragona\/wp-json\/wp\/v2\/posts\/1306","targetHints":{"allow":["GET"]}}],"collection":[{"href":"https:\/\/agora.xtec.cat\/instarragona\/wp-json\/wp\/v2\/posts"}],"about":[{"href":"https:\/\/agora.xtec.cat\/instarragona\/wp-json\/wp\/v2\/types\/post"}],"author":[{"embeddable":true,"href":"https:\/\/agora.xtec.cat\/instarragona\/wp-json\/wp\/v2\/users\/1"}],"replies":[{"embeddable":true,"href":"https:\/\/agora.xtec.cat\/instarragona\/wp-json\/wp\/v2\/comments?post=1306"}],"version-history":[{"count":2,"href":"https:\/\/agora.xtec.cat\/instarragona\/wp-json\/wp\/v2\/posts\/1306\/revisions"}],"predecessor-version":[{"id":1314,"href":"https:\/\/agora.xtec.cat\/instarragona\/wp-json\/wp\/v2\/posts\/1306\/revisions\/1314"}],"wp:featuredmedia":[{"embeddable":true,"href":"https:\/\/agora.xtec.cat\/instarragona\/wp-json\/wp\/v2\/media\/1307"}],"wp:attachment":[{"href":"https:\/\/agora.xtec.cat\/instarragona\/wp-json\/wp\/v2\/media?parent=1306"}],"wp:term":[{"taxonomy":"category","embeddable":true,"href":"https:\/\/agora.xtec.cat\/instarragona\/wp-json\/wp\/v2\/categories?post=1306"},{"taxonomy":"post_tag","embeddable":true,"href":"https:\/\/agora.xtec.cat\/instarragona\/wp-json\/wp\/v2\/tags?post=1306"}],"curies":[{"name":"wp","href":"https:\/\/api.w.org\/{rel}","templated":true}]}}