{"id":1299,"date":"2019-10-30T10:06:31","date_gmt":"2019-10-30T09:06:31","guid":{"rendered":"http:\/\/agora.xtec.cat\/instarragona\/?p=1299"},"modified":"2019-10-30T10:09:56","modified_gmt":"2019-10-30T09:09:56","slug":"lectures-terrorifiques","status":"publish","type":"post","link":"https:\/\/agora.xtec.cat\/instarragona\/eso\/lectures-terrorifiques\/","title":{"rendered":"Lectures terror\u00edfiques."},"content":{"rendered":"<p>El dia 1 de novembre el tenim a la cantonada. Les castanyes, les carabasses i les disfresses, tamb\u00e9.<\/p>\n<p>Aquesta setmana des de la mat\u00e8ria de catal\u00e0, amb la Carme com a responsable, i des de m\u00fasica, amb l&#8217;\u00c8ric, els alumnes de primer i tercer han recreat la hist\u00f2ria de dr\u00e0cula. <a href=\"https:\/\/drive.google.com\/open?id=1Ucp-zJt5Hk248mXV3qxOu5qgqT9br-qf\">Lectures<\/a> compartides i sons de tota mena l&#8217;han acompanyat.<\/p>\n<p><a href=\"https:\/\/agora.xtec.cat\/instarragona\/wp-content\/uploads\/usu484\/2019\/10\/IMG_20191029_111854-1.jpg\"><img loading=\"lazy\" decoding=\"async\" class=\"aligncenter size-full wp-image-1302\" src=\"https:\/\/agora.xtec.cat\/instarragona\/wp-content\/uploads\/usu484\/2019\/10\/IMG_20191029_111854-1.jpg\" alt=\"\" width=\"809\" height=\"526\" srcset=\"https:\/\/agora.xtec.cat\/instarragona\/wp-content\/uploads\/usu484\/2019\/10\/IMG_20191029_111854-1.jpg 809w, https:\/\/agora.xtec.cat\/instarragona\/wp-content\/uploads\/usu484\/2019\/10\/IMG_20191029_111854-1-300x195.jpg 300w, https:\/\/agora.xtec.cat\/instarragona\/wp-content\/uploads\/usu484\/2019\/10\/IMG_20191029_111854-1-768x499.jpg 768w\" sizes=\"auto, (max-width: 809px) 100vw, 809px\" \/><\/a><\/p>\n<p>&nbsp;<\/p>\n<p>&nbsp;<\/p>\n","protected":false},"excerpt":{"rendered":"<p>El dia 1 de novembre el tenim a la cantonada. Les castanyes, les carabasses i les disfresses, tamb\u00e9.<br \/>\nAquesta setmana des de la mat\u00e8ria de catal\u00e0, amb la Carme com a responsable, i des de m\u00fasica, amb l&#8217;\u00c8ric, els alumnes de primer i tercer han recreat&hellip;  <a href=\"https:\/\/agora.xtec.cat\/instarragona\/eso\/lectures-terrorifiques\/\" title=\"Read Lectures terror\u00edfiques.\">Llegeix m\u00e9s\u00bb<\/a><\/p>\n","protected":false},"author":1,"featured_media":1301,"comment_status":"open","ping_status":"closed","sticky":false,"template":"","format":"standard","meta":{"_bbp_topic_count":0,"_bbp_reply_count":0,"_bbp_total_topic_count":0,"_bbp_total_reply_count":0,"_bbp_voice_count":0,"_bbp_anonymous_reply_count":0,"_bbp_topic_count_hidden":0,"_bbp_reply_count_hidden":0,"_bbp_forum_subforum_count":0,"footnotes":""},"categories":[3,4,29],"tags":[108,97],"class_list":["post-1299","post","type-post","status-publish","format-standard","has-post-thumbnail","hentry","category-eso","category-eso-1","category-portada","tag-activitats","tag-festes-i-activitats"],"post_mailing_queue_ids":[],"_links":{"self":[{"href":"https:\/\/agora.xtec.cat\/instarragona\/wp-json\/wp\/v2\/posts\/1299","targetHints":{"allow":["GET"]}}],"collection":[{"href":"https:\/\/agora.xtec.cat\/instarragona\/wp-json\/wp\/v2\/posts"}],"about":[{"href":"https:\/\/agora.xtec.cat\/instarragona\/wp-json\/wp\/v2\/types\/post"}],"author":[{"embeddable":true,"href":"https:\/\/agora.xtec.cat\/instarragona\/wp-json\/wp\/v2\/users\/1"}],"replies":[{"embeddable":true,"href":"https:\/\/agora.xtec.cat\/instarragona\/wp-json\/wp\/v2\/comments?post=1299"}],"version-history":[{"count":3,"href":"https:\/\/agora.xtec.cat\/instarragona\/wp-json\/wp\/v2\/posts\/1299\/revisions"}],"predecessor-version":[{"id":1305,"href":"https:\/\/agora.xtec.cat\/instarragona\/wp-json\/wp\/v2\/posts\/1299\/revisions\/1305"}],"wp:featuredmedia":[{"embeddable":true,"href":"https:\/\/agora.xtec.cat\/instarragona\/wp-json\/wp\/v2\/media\/1301"}],"wp:attachment":[{"href":"https:\/\/agora.xtec.cat\/instarragona\/wp-json\/wp\/v2\/media?parent=1299"}],"wp:term":[{"taxonomy":"category","embeddable":true,"href":"https:\/\/agora.xtec.cat\/instarragona\/wp-json\/wp\/v2\/categories?post=1299"},{"taxonomy":"post_tag","embeddable":true,"href":"https:\/\/agora.xtec.cat\/instarragona\/wp-json\/wp\/v2\/tags?post=1299"}],"curies":[{"name":"wp","href":"https:\/\/api.w.org\/{rel}","templated":true}]}}