{"id":1290,"date":"2019-10-23T16:02:20","date_gmt":"2019-10-23T14:02:20","guid":{"rendered":"http:\/\/agora.xtec.cat\/instarragona\/?p=1290"},"modified":"2019-10-23T16:05:18","modified_gmt":"2019-10-23T14:05:18","slug":"families-veniu-a-la-biblioteca","status":"publish","type":"post","link":"https:\/\/agora.xtec.cat\/instarragona\/portada\/families-veniu-a-la-biblioteca\/","title":{"rendered":"Fam\u00edlies, sabeu que tamb\u00e9 podeu venir a la Biblioteca?"},"content":{"rendered":"<p>Benvolgudes fam\u00edlies, la Biblioteca del nostre centre ha pensat en vosaltres i les vostres necessitats.<\/p>\n<p><a href=\"https:\/\/agora.xtec.cat\/instarragona\/wp-content\/uploads\/usu484\/2019\/10\/ADOLESCENTES-MALHUMOR.jpg\"><img loading=\"lazy\" decoding=\"async\" class=\"aligncenter wp-image-1291\" src=\"https:\/\/agora.xtec.cat\/instarragona\/wp-content\/uploads\/usu484\/2019\/10\/ADOLESCENTES-MALHUMOR.jpg\" alt=\"\" width=\"448\" height=\"252\" srcset=\"https:\/\/agora.xtec.cat\/instarragona\/wp-content\/uploads\/usu484\/2019\/10\/ADOLESCENTES-MALHUMOR.jpg 620w, https:\/\/agora.xtec.cat\/instarragona\/wp-content\/uploads\/usu484\/2019\/10\/ADOLESCENTES-MALHUMOR-300x169.jpg 300w\" sizes=\"auto, (max-width: 448px) 100vw, 448px\" \/><\/a><\/p>\n<p>Teniu la informaci\u00f3 <a href=\"https:\/\/bibliotecainstarragona.blogspot.com\/2019\/10\/tinc-un-adolescent-casa.html\">aqu\u00ed mateix<\/a>.<\/p>\n<p><a href=\"https:\/\/bibliotecainstarragona.blogspot.com\/2019\/10\/tinc-un-adolescent-casa.html\"><img loading=\"lazy\" decoding=\"async\" class=\"aligncenter size-full wp-image-1293\" src=\"https:\/\/agora.xtec.cat\/instarragona\/wp-content\/uploads\/usu484\/2019\/10\/Captura.png\" alt=\"\" width=\"1447\" height=\"479\" srcset=\"https:\/\/agora.xtec.cat\/instarragona\/wp-content\/uploads\/usu484\/2019\/10\/Captura.png 1447w, https:\/\/agora.xtec.cat\/instarragona\/wp-content\/uploads\/usu484\/2019\/10\/Captura-300x99.png 300w, https:\/\/agora.xtec.cat\/instarragona\/wp-content\/uploads\/usu484\/2019\/10\/Captura-768x254.png 768w, https:\/\/agora.xtec.cat\/instarragona\/wp-content\/uploads\/usu484\/2019\/10\/Captura-1024x339.png 1024w\" sizes=\"auto, (max-width: 1447px) 100vw, 1447px\" \/><\/a><\/p>\n","protected":false},"excerpt":{"rendered":"<p>Benvolgudes fam\u00edlies, la Biblioteca del nostre centre ha pensat en vosaltres i les vostres necessitats.<br \/>\n<a href=\"https:\/\/agora.xtec.cat\/instarragona\/wp-content\/uploads\/usu484\/2019\/10\/ADOLESCENTES-MALHUMOR.jpg\"><\/a><br \/>\nTeniu la informaci\u00f3 <a href=\"https:\/\/bibliotecainstarragona.blogspot.com\/2019\/10\/tinc-un-adolescent-casa.html\">aqu\u00ed mateix<\/a>.<br \/>\n<a href=\"https:\/\/bibliotecainstarragona.blogspot.com\/2019\/10\/tinc-un-adolescent-casa.html\"><\/a><\/p>\n","protected":false},"author":1,"featured_media":1291,"comment_status":"open","ping_status":"closed","sticky":false,"template":"","format":"standard","meta":{"_bbp_topic_count":0,"_bbp_reply_count":0,"_bbp_total_topic_count":0,"_bbp_total_reply_count":0,"_bbp_voice_count":0,"_bbp_anonymous_reply_count":0,"_bbp_topic_count_hidden":0,"_bbp_reply_count_hidden":0,"_bbp_forum_subforum_count":0,"footnotes":""},"categories":[29],"tags":[107],"class_list":["post-1290","post","type-post","status-publish","format-standard","has-post-thumbnail","hentry","category-portada","tag-biblioteca"],"post_mailing_queue_ids":[],"_links":{"self":[{"href":"https:\/\/agora.xtec.cat\/instarragona\/wp-json\/wp\/v2\/posts\/1290","targetHints":{"allow":["GET"]}}],"collection":[{"href":"https:\/\/agora.xtec.cat\/instarragona\/wp-json\/wp\/v2\/posts"}],"about":[{"href":"https:\/\/agora.xtec.cat\/instarragona\/wp-json\/wp\/v2\/types\/post"}],"author":[{"embeddable":true,"href":"https:\/\/agora.xtec.cat\/instarragona\/wp-json\/wp\/v2\/users\/1"}],"replies":[{"embeddable":true,"href":"https:\/\/agora.xtec.cat\/instarragona\/wp-json\/wp\/v2\/comments?post=1290"}],"version-history":[{"count":3,"href":"https:\/\/agora.xtec.cat\/instarragona\/wp-json\/wp\/v2\/posts\/1290\/revisions"}],"predecessor-version":[{"id":1296,"href":"https:\/\/agora.xtec.cat\/instarragona\/wp-json\/wp\/v2\/posts\/1290\/revisions\/1296"}],"wp:featuredmedia":[{"embeddable":true,"href":"https:\/\/agora.xtec.cat\/instarragona\/wp-json\/wp\/v2\/media\/1291"}],"wp:attachment":[{"href":"https:\/\/agora.xtec.cat\/instarragona\/wp-json\/wp\/v2\/media?parent=1290"}],"wp:term":[{"taxonomy":"category","embeddable":true,"href":"https:\/\/agora.xtec.cat\/instarragona\/wp-json\/wp\/v2\/categories?post=1290"},{"taxonomy":"post_tag","embeddable":true,"href":"https:\/\/agora.xtec.cat\/instarragona\/wp-json\/wp\/v2\/tags?post=1290"}],"curies":[{"name":"wp","href":"https:\/\/api.w.org\/{rel}","templated":true}]}}