{"id":1286,"date":"2019-10-23T09:54:26","date_gmt":"2019-10-23T07:54:26","guid":{"rendered":"http:\/\/agora.xtec.cat\/instarragona\/?p=1286"},"modified":"2020-03-03T09:03:29","modified_gmt":"2020-03-03T08:03:29","slug":"noticies-fresques-lerasmus-al-diari","status":"publish","type":"post","link":"https:\/\/agora.xtec.cat\/instarragona\/eso\/noticies-fresques-lerasmus-al-diari\/","title":{"rendered":"Not\u00edcies fresques! &#8211; L&#8217;Erasmus al diari."},"content":{"rendered":"<p>Ja fa uns dies us vam <a href=\"https:\/\/agora.xtec.cat\/instarragona\/general\/projecte-erasmus-k1-un-gran-aprenentatge\/\">explicar<\/a> que el nostre projecte Erasmus K1 havia perm\u00e8s que un grup de professores del nostre institut pogu\u00e9s formar-se en diferents paisos de la Uni\u00f3 Europea.<\/p>\n<p>Aquest projecte l\u00f2gicament demana que la formaci\u00f3 rebuda, en diferents camps, sigui aplicada a l&#8217;aula.<\/p>\n<p>El Diari de Tarragona ens ha visitat i en aquest <a href=\"https:\/\/www.diaridetarragona.com\/tarragona\/Tarragona-profesoras-con-una-maleta-cargada-de-experiencias-20191022-0060.html\">article<\/a> us ho ha explicat.<\/p>\n<p><a href=\"https:\/\/www.diaridetarragona.com\/tarragona\/Tarragona-profesoras-con-una-maleta-cargada-de-experiencias-20191022-0060.html\"><img loading=\"lazy\" decoding=\"async\" class=\"aligncenter wp-image-1287 size-full\" src=\"https:\/\/agora.xtec.cat\/instarragona\/wp-content\/uploads\/usu484\/2019\/10\/Captura.jpg\" alt=\"\" width=\"693\" height=\"350\" srcset=\"https:\/\/agora.xtec.cat\/instarragona\/wp-content\/uploads\/usu484\/2019\/10\/Captura.jpg 693w, https:\/\/agora.xtec.cat\/instarragona\/wp-content\/uploads\/usu484\/2019\/10\/Captura-300x152.jpg 300w\" sizes=\"auto, (max-width: 693px) 100vw, 693px\" \/><\/a><\/p>\n<p>L&#8217;article tamb\u00e9 fa refer\u00e8ncia al projecte K2 engegat durant el curs 18-19 relacionat amb Ecoturisme.<\/p>\n<p><a href=\"https:\/\/agora.xtec.cat\/instarragona\/wp-content\/uploads\/usu484\/2019\/10\/Captura-1.png\"><img loading=\"lazy\" decoding=\"async\" class=\"aligncenter size-full wp-image-1586\" src=\"https:\/\/agora.xtec.cat\/instarragona\/wp-content\/uploads\/usu484\/2019\/10\/Captura-1.png\" alt=\"\" width=\"432\" height=\"917\" srcset=\"https:\/\/agora.xtec.cat\/instarragona\/wp-content\/uploads\/usu484\/2019\/10\/Captura-1.png 432w, https:\/\/agora.xtec.cat\/instarragona\/wp-content\/uploads\/usu484\/2019\/10\/Captura-1-141x300.png 141w\" sizes=\"auto, (max-width: 432px) 100vw, 432px\" \/><\/a><\/p>\n<p>&nbsp;<\/p>\n","protected":false},"excerpt":{"rendered":"<p>Ja fa uns dies us vam <a href=\"https:\/\/agora.xtec.cat\/instarragona\/general\/projecte-erasmus-k1-un-gran-aprenentatge\/\">explicar<\/a> que el nostre projecte Erasmus K1 havia perm\u00e8s que un grup de professores del nostre institut pogu\u00e9s formar-se en diferents paisos de la Uni\u00f3 Europea.<br \/>\nAquest projecte l\u00f2gicament demana que la formaci\u00f3 rebuda, en diferents camps, sigui aplicada&hellip;  <a href=\"https:\/\/agora.xtec.cat\/instarragona\/eso\/noticies-fresques-lerasmus-al-diari\/\" title=\"Read Not\u00edcies fresques! &#8211; L&#8217;Erasmus al diari.\">Llegeix m\u00e9s\u00bb<\/a><\/p>\n","protected":false},"author":1,"featured_media":1288,"comment_status":"open","ping_status":"closed","sticky":false,"template":"","format":"standard","meta":{"_bbp_topic_count":0,"_bbp_reply_count":0,"_bbp_total_topic_count":0,"_bbp_total_reply_count":0,"_bbp_voice_count":0,"_bbp_anonymous_reply_count":0,"_bbp_topic_count_hidden":0,"_bbp_reply_count_hidden":0,"_bbp_forum_subforum_count":0,"footnotes":""},"categories":[3,29],"tags":[124,125,99],"class_list":["post-1286","post","type-post","status-publish","format-standard","has-post-thumbnail","hentry","category-eso","category-portada","tag-erasmus-k1-upae","tag-erasmus-k2-ecot","tag-projectes"],"post_mailing_queue_ids":[],"_links":{"self":[{"href":"https:\/\/agora.xtec.cat\/instarragona\/wp-json\/wp\/v2\/posts\/1286","targetHints":{"allow":["GET"]}}],"collection":[{"href":"https:\/\/agora.xtec.cat\/instarragona\/wp-json\/wp\/v2\/posts"}],"about":[{"href":"https:\/\/agora.xtec.cat\/instarragona\/wp-json\/wp\/v2\/types\/post"}],"author":[{"embeddable":true,"href":"https:\/\/agora.xtec.cat\/instarragona\/wp-json\/wp\/v2\/users\/1"}],"replies":[{"embeddable":true,"href":"https:\/\/agora.xtec.cat\/instarragona\/wp-json\/wp\/v2\/comments?post=1286"}],"version-history":[{"count":3,"href":"https:\/\/agora.xtec.cat\/instarragona\/wp-json\/wp\/v2\/posts\/1286\/revisions"}],"predecessor-version":[{"id":1588,"href":"https:\/\/agora.xtec.cat\/instarragona\/wp-json\/wp\/v2\/posts\/1286\/revisions\/1588"}],"wp:featuredmedia":[{"embeddable":true,"href":"https:\/\/agora.xtec.cat\/instarragona\/wp-json\/wp\/v2\/media\/1288"}],"wp:attachment":[{"href":"https:\/\/agora.xtec.cat\/instarragona\/wp-json\/wp\/v2\/media?parent=1286"}],"wp:term":[{"taxonomy":"category","embeddable":true,"href":"https:\/\/agora.xtec.cat\/instarragona\/wp-json\/wp\/v2\/categories?post=1286"},{"taxonomy":"post_tag","embeddable":true,"href":"https:\/\/agora.xtec.cat\/instarragona\/wp-json\/wp\/v2\/tags?post=1286"}],"curies":[{"name":"wp","href":"https:\/\/api.w.org\/{rel}","templated":true}]}}