{"id":1274,"date":"2019-10-16T09:54:36","date_gmt":"2019-10-16T07:54:36","guid":{"rendered":"http:\/\/agora.xtec.cat\/instarragona\/?p=1274"},"modified":"2019-12-10T12:46:47","modified_gmt":"2019-12-10T11:46:47","slug":"premi-al-festival-psicurt-enhorabona","status":"publish","type":"post","link":"https:\/\/agora.xtec.cat\/instarragona\/eso\/eso-4\/premi-al-festival-psicurt-enhorabona\/","title":{"rendered":"Premi al Festival Psicurt! Enhorabona!"},"content":{"rendered":"<div>\n<p>Aquest el fant\u00e0stic grup d&#8217;alumnes de l&#8217;optativa de 4t d&#8217;ESO de m\u00fasica.<\/p>\n<p>&nbsp;<\/p>\n<\/div>\n<p><a href=\"https:\/\/agora.xtec.cat\/instarragona\/wp-content\/uploads\/usu484\/2019\/10\/IMG_1492.jpg\"><img loading=\"lazy\" decoding=\"async\" src=\"https:\/\/agora.xtec.cat\/instarragona\/wp-content\/uploads\/usu484\/2019\/10\/IMG_1492.jpg\" alt=\"\" width=\"414\" height=\"310\" \/><\/a><\/p>\n<p><span style=\"font-family: inherit; font-size: 1em;\">Els volem felicitar perqu\u00e8 despr\u00e9s del seu esfor\u00e7 i treball en equip aquest cap de setmana, han estat guardonats amb el PREMI EDUCURT EXPR\u00c9S del IV <\/span><a style=\"font-family: inherit; font-size: 1em;\" href=\"http:\/\/psicurt.com\/es\/\">Festival Psicurt de Tarragona<\/a><span style=\"font-family: inherit; font-size: 1em;\">.<\/span><\/p>\n<div><span style=\"font-family: inherit; font-size: 1em;\">El concurs proposava crear un curtmetratge amb unes premises:<\/span><\/div>\n<div><\/div>\n<div><\/div>\n<div>\n<div><img loading=\"lazy\" decoding=\"async\" style=\"font-family: inherit; font-size: 1em;\" src=\"https:\/\/mail.google.com\/mail\/e\/1f4cc\" alt=\"?\" width=\"29\" height=\"29\" data-goomoji=\"1f4cc\" data-image-whitelisted=\"\" \/><span style=\"font-family: inherit; font-size: 1em;\"> Havia de tractar sobre la salut mental i les emocions<\/span><\/div>\n<\/div>\n<div>\n<div><img loading=\"lazy\" decoding=\"async\" src=\"https:\/\/mail.google.com\/mail\/e\/1f4cc\" alt=\"?\" width=\"32\" height=\"32\" data-goomoji=\"1f4cc\" data-image-whitelisted=\"\" \/>Durada m\u00e0xima de 5 minuts<\/div>\n<\/div>\n<div>\n<div><img loading=\"lazy\" decoding=\"async\" src=\"https:\/\/mail.google.com\/mail\/e\/1f4cc\" alt=\"?\" width=\"30\" height=\"30\" data-goomoji=\"1f4cc\" data-image-whitelisted=\"\" \/>Havia de sortir un element obligatori: una canyeta de pl\u00e0stic<\/div>\n<\/div>\n<div>\n<div><img loading=\"lazy\" decoding=\"async\" src=\"https:\/\/mail.google.com\/mail\/e\/1f4cc\" alt=\"?\" width=\"29\" height=\"29\" data-goomoji=\"1f4cc\" data-image-whitelisted=\"\" \/>Havia de sortir la frase: &#8220;Qui va dir que era f\u00e0cil?&#8221;<\/div>\n<div><\/div>\n<\/div>\n<div>\n<div><span style=\"font-family: inherit; font-size: 1em;\">Des de la classe de m\u00fasica, ens hem organitzat per produir el curtmetratge&#8230; amb molta imaginaci\u00f3, sobretot per fer servir la canyeta de pl\u00e0stic!<\/span><\/div>\n<div><\/div>\n<\/div>\n<div>\n<div><\/div>\n<\/div>\n<div>\n<p><img decoding=\"async\" src=\"https:\/\/mail.google.com\/mail\/e\/1f3ac\" alt=\"?\" data-goomoji=\"1f3ac\" data-image-whitelisted=\"\" \/>En aquesta activitat, cadasc\u00fa ha tingut el seu paper: actors, directors,\u00a0 edici\u00f3 i muntatge, control de so i creaci\u00f3 de la banda sonora&#8230; i\u00a0solament en solament 48 hores el resultat \u00e9s el que us presentem aqu\u00ed, el nostre primer curtemetratge\u00a0 &#8220;NO S\u00d3C JO&#8221; &#8230;<\/p>\n<\/div>\n<p><span style=\"font-family: inherit; font-size: 1em;\">Aqu\u00ed teniu el resultat,\u00a0 esperem que us agradi!<\/span><\/p>\n<p><iframe loading=\"lazy\" src=\"https:\/\/www.youtube.com\/embed\/Oo11aPlUeD4\" width=\"560\" height=\"315\" frameborder=\"0\" allowfullscreen=\"allowfullscreen\"><\/iframe><\/p>\n<p>Moltes felicitats nois per la bona feina! Felicitats a tu tamb\u00e9, Marian M\u00e0rquez, per la part que et toca! <img decoding=\"async\" class=\"CToWUd alignnone\" src=\"https:\/\/mail.google.com\/mail\/e\/1f3c6\" alt=\"?\" data-goomoji=\"1f3c6\" data-image-whitelisted=\"\" \/><\/p>\n","protected":false},"excerpt":{"rendered":"<p>Aquest el fant\u00e0stic grup d&#8217;alumnes de l&#8217;optativa de 4t d&#8217;ESO de m\u00fasica.<br \/>\n&nbsp;<\/p>\n<p><a href=\"https:\/\/agora.xtec.cat\/instarragona\/wp-content\/uploads\/usu484\/2019\/10\/IMG_1492.jpg\"><\/a><br \/>\nEls volem felicitar perqu\u00e8 despr\u00e9s del seu esfor\u00e7 i treball en equip aquest cap de setmana, han estat guardonats amb el PREMI EDUCURT EXPR\u00c9S del IV <a style=\"font-family: inherit; font-size: 1em;\" href=\"http:\/\/psicurt.com\/es\/\">Festival Psicurt&hellip;  <a href=\"https:\/\/agora.xtec.cat\/instarragona\/eso\/eso-4\/premi-al-festival-psicurt-enhorabona\/\" title=\"Read Premi al Festival Psicurt! Enhorabona!\">Llegeix m\u00e9s\u00bb<\/a><\/p>\n","protected":false},"author":1,"featured_media":1275,"comment_status":"open","ping_status":"closed","sticky":false,"template":"","format":"standard","meta":{"_bbp_topic_count":0,"_bbp_reply_count":0,"_bbp_total_topic_count":0,"_bbp_total_reply_count":0,"_bbp_voice_count":0,"_bbp_anonymous_reply_count":0,"_bbp_topic_count_hidden":0,"_bbp_reply_count_hidden":0,"_bbp_forum_subforum_count":0,"footnotes":""},"categories":[7,29],"tags":[104,111,112],"class_list":["post-1274","post","type-post","status-publish","format-standard","has-post-thumbnail","hentry","category-eso-4","category-portada","tag-concursos","tag-musica","tag-premis"],"post_mailing_queue_ids":[],"_links":{"self":[{"href":"https:\/\/agora.xtec.cat\/instarragona\/wp-json\/wp\/v2\/posts\/1274","targetHints":{"allow":["GET"]}}],"collection":[{"href":"https:\/\/agora.xtec.cat\/instarragona\/wp-json\/wp\/v2\/posts"}],"about":[{"href":"https:\/\/agora.xtec.cat\/instarragona\/wp-json\/wp\/v2\/types\/post"}],"author":[{"embeddable":true,"href":"https:\/\/agora.xtec.cat\/instarragona\/wp-json\/wp\/v2\/users\/1"}],"replies":[{"embeddable":true,"href":"https:\/\/agora.xtec.cat\/instarragona\/wp-json\/wp\/v2\/comments?post=1274"}],"version-history":[{"count":4,"href":"https:\/\/agora.xtec.cat\/instarragona\/wp-json\/wp\/v2\/posts\/1274\/revisions"}],"predecessor-version":[{"id":1285,"href":"https:\/\/agora.xtec.cat\/instarragona\/wp-json\/wp\/v2\/posts\/1274\/revisions\/1285"}],"wp:featuredmedia":[{"embeddable":true,"href":"https:\/\/agora.xtec.cat\/instarragona\/wp-json\/wp\/v2\/media\/1275"}],"wp:attachment":[{"href":"https:\/\/agora.xtec.cat\/instarragona\/wp-json\/wp\/v2\/media?parent=1274"}],"wp:term":[{"taxonomy":"category","embeddable":true,"href":"https:\/\/agora.xtec.cat\/instarragona\/wp-json\/wp\/v2\/categories?post=1274"},{"taxonomy":"post_tag","embeddable":true,"href":"https:\/\/agora.xtec.cat\/instarragona\/wp-json\/wp\/v2\/tags?post=1274"}],"curies":[{"name":"wp","href":"https:\/\/api.w.org\/{rel}","templated":true}]}}