{"id":1257,"date":"2019-10-07T09:58:03","date_gmt":"2019-10-07T07:58:03","guid":{"rendered":"http:\/\/agora.xtec.cat\/instarragona\/?p=1257"},"modified":"2019-12-10T12:47:05","modified_gmt":"2019-12-10T11:47:05","slug":"dilluns-despres-de-les-colonies","status":"publish","type":"post","link":"https:\/\/agora.xtec.cat\/instarragona\/eso\/dilluns-despres-de-les-colonies\/","title":{"rendered":"Dilluns&#8230; despr\u00e9s de les col\u00f2nies!"},"content":{"rendered":"<p>Tornem-hi! \u00c9s dilluns.<\/p>\n<p>Despr\u00e9s d&#8217;uns dies excepcionals els de primer d&#8217;ESO tornen a la feina. Potser els hi costar\u00e0 una mica, ja que la setmana passada va ser ben diferent. Van marxar tots junts de col\u00f2nies al Delta de l&#8217;Ebre per gaudir d&#8217;una estada de conviv\u00e8ncia i molt\u00edssimes activitats a la natura.<\/p>\n<p>Van fet pirag\u00fcisme per riu, van anat amb bicicleta i, \u00e9s clar, no hi podia faltar l&#8217;activitat de perxar, tant pr\u00f2pia de les terres de l&#8217;Ebre.<\/p>\n<p><script src=\"https:\/\/cdn.jsdelivr.net\/npm\/publicalbum@latest\/embed-ui.min.js\" async><\/script><\/p>\n<div class=\"pa-gallery-player-widget\" style=\"width: 100%; height: 480px; display: none;\" data-link=\"https:\/\/photos.app.goo.gl\/csVPVjfmcn4i5Ruz6\" data-title=\"19-20 COL\u00d2NIES 1r ESO\" data-description=\"12 new photos added to shared album\"><object data=\"https:\/\/lh3.googleusercontent.com\/alRob2n7sg-95VxTuIuU8otrTBY6cyONkeHFHkRwxw737d40hncIFvxYY_h8QYtmKABYaAiM-wGsjBGKOc4BJrAVkABXFDL8B3TnVTLAQed7ZkxarIRo_6Qqjxa4dLhXBY5ODkPTnw=w1920-h1080\" width=\"300\" height=\"150\"><\/object><br \/>\n<object data=\"https:\/\/lh3.googleusercontent.com\/gM3aryHvtup9lSxitWIZK6_B1C9vbkI3tVx-f-rmKhk0UgoRh3tknjnge4cWE-9JWyqumeOnpfO_iZbmykTrwWbwL5kY6bOFTt7p_FNq5F1Xf5CYUIcvJ5jMeFpS_V7cNrHUop3IHw=w1920-h1080\" width=\"300\" height=\"150\"><\/object><br \/>\n<object data=\"https:\/\/lh3.googleusercontent.com\/PkfQQiyuBqhfeJlGSbFStrstZ_1tQtJjeWCy6h-BA_4QuKsTz52HdIDim6DcmTCpKQso70DB_Ele4r-2-AbEWJ6DwwZ7yUXnQr4uXTVe7Di4F39ts-Ddd74rn_YdW2jbKzzYM7kgpQ=w1920-h1080\" width=\"300\" height=\"150\"><\/object><br \/>\n<object data=\"https:\/\/lh3.googleusercontent.com\/gYgYV8CImM1IHagt423CxGkPFEvjNLvjl0COseKWNLMVj4sMAIymqcQh5mlA4eCmwkSwyFjK8ojPduMB2O98qqVwn7y3ArP15lI3TaTMXjoSaepbPVUtXxm5Jxo_ePG2b6jYhg8Zig=w1920-h1080\" width=\"300\" height=\"150\"><\/object><br \/>\n<object data=\"https:\/\/lh3.googleusercontent.com\/bVt8X8ruJT0n5khhS9BJ1bZE6lsjlSGIaWKS8Ur0F5eaQX2BupoCwFdY2tjo8Nh8fmfYTw-w5AC0QLEpsijMaCwwQoo5ZPyrnS1aSSgObcU6wegIoP9H5UqTjf1eYhXuaLrQ_phBoQ=w1920-h1080\" width=\"300\" height=\"150\"><\/object><br \/>\n<object data=\"https:\/\/lh3.googleusercontent.com\/vOdQU2TPnpoN6mxQlQ3w4Wqj61M3i980kSg44Hx9jaVr3_rnDI8a5bIXxxST-vY0kgEiIOw1IYXuTbNPoIhO9HjciKM9VZshVbKXUHji_Ko7NTTC-gc1bfd--RI9Kpqm2Zy_FFuI9Q=w1920-h1080\" width=\"300\" height=\"150\"><\/object><br \/>\n<object data=\"https:\/\/lh3.googleusercontent.com\/0wiRA2Qg1iVixLTRqxL2uOv-Mix0LZSzbF-rFrEzqcI5168_lpX3ylH2y72vvnmVt9ZVWZBo8X8mbYeYdXpEgngusdJ_5-rHO8pagxDhj5433OA4OIMnW7PEOM0-RbL-kPkWFGPGgQ=w1920-h1080\" width=\"300\" height=\"150\"><\/object><br \/>\n<object data=\"https:\/\/lh3.googleusercontent.com\/bitAFo4UhexpAm3sdw6cuXKkkRp8hKkq1uSp2UaA9b78y_qgw9_L66Y_ERku67Npnmtn8nDrGT4dv7WRScBbloFkgDpcBRJy41a2TE_mSe_cQOSKyvlURxybNaa4bNoiIo6z7Lq5dg=w1920-h1080\" width=\"300\" height=\"150\"><\/object><br \/>\n<object data=\"https:\/\/lh3.googleusercontent.com\/58H7yshNkUoLDxtP6Ef8Jg7NlaegTU3qVbRDSuPg8W784dttzxLuSPLe6DPqxfbXyC98Q9jE1bS-y5TvZOMqhyOtG23NkZ8B7Ci3NGISxtxoHISKpJJZw9NB7mDLVLgTTl8YiLDWtw=w1920-h1080\" width=\"300\" height=\"150\"><\/object><br \/>\n<object data=\"https:\/\/lh3.googleusercontent.com\/pSvFtl1QJAZin148viWibKhZpiiwM8S8aBuLK8aAzgstce2wuihiYMRl-Sh59mwXRgjaqgmKgJ-8QC3wnogKkE2jOxu64WvlwH0NaTzzOyzvoIReqx-mYChmqZA8VBQ8OFks1VsEBA=w1920-h1080\" width=\"300\" height=\"150\"><\/object><br \/>\n<object data=\"https:\/\/lh3.googleusercontent.com\/P__GtRSU7c0oxAQUuLgN2k2NUNObUvcI2zwGM5lAP2pW5UFhnFG_7_xu67IMXoQA-M5okGoKlOhDsJIhp_C9SeEZDd-WfyC4LHmLzBPRSxXGxQkFRWia6x8IXy5xndl_0gLmZMGvyA=w1920-h1080\" width=\"300\" height=\"150\"><\/object><br \/>\n<object data=\"https:\/\/lh3.googleusercontent.com\/DDsTvKB8eMCF97kgm025fCZdk9DydzGcqSG3Y2V2q8VUS8BA9AJxr-71p0JmjbXvU4Wm6fdGvdv6Igy_R_QZDNkeVSCKI9XtBp6JzVSsaC4DukX89ndxlTuP6oRwRX2pv0AV8kcg8A=w1920-h1080\" width=\"300\" height=\"150\"><\/object><\/div>\n<p>&nbsp;<\/p>\n<p>&nbsp;<\/p>\n","protected":false},"excerpt":{"rendered":"<p>Tornem-hi! \u00c9s dilluns.<br \/>\nDespr\u00e9s d&#8217;uns dies excepcionals els de primer d&#8217;ESO tornen a la feina. Potser els hi costar\u00e0 una mica, ja que la setmana passada va ser ben diferent. Van marxar tots junts de col\u00f2nies al Delta de l&#8217;Ebre per gaudir d&#8217;una estada de conviv\u00e8ncia&hellip;  <a href=\"https:\/\/agora.xtec.cat\/instarragona\/eso\/dilluns-despres-de-les-colonies\/\" title=\"Read Dilluns&#8230; despr\u00e9s de les col\u00f2nies!\">Llegeix m\u00e9s\u00bb<\/a><\/p>\n","protected":false},"author":1,"featured_media":1261,"comment_status":"open","ping_status":"closed","sticky":false,"template":"","format":"standard","meta":{"_bbp_topic_count":0,"_bbp_reply_count":0,"_bbp_total_topic_count":0,"_bbp_total_reply_count":0,"_bbp_voice_count":0,"_bbp_anonymous_reply_count":0,"_bbp_topic_count_hidden":0,"_bbp_reply_count_hidden":0,"_bbp_forum_subforum_count":0,"footnotes":""},"categories":[3,4,29],"tags":[113,39],"class_list":["post-1257","post","type-post","status-publish","format-standard","has-post-thumbnail","hentry","category-eso","category-eso-1","category-portada","tag-colonies","tag-sortides"],"post_mailing_queue_ids":[],"_links":{"self":[{"href":"https:\/\/agora.xtec.cat\/instarragona\/wp-json\/wp\/v2\/posts\/1257","targetHints":{"allow":["GET"]}}],"collection":[{"href":"https:\/\/agora.xtec.cat\/instarragona\/wp-json\/wp\/v2\/posts"}],"about":[{"href":"https:\/\/agora.xtec.cat\/instarragona\/wp-json\/wp\/v2\/types\/post"}],"author":[{"embeddable":true,"href":"https:\/\/agora.xtec.cat\/instarragona\/wp-json\/wp\/v2\/users\/1"}],"replies":[{"embeddable":true,"href":"https:\/\/agora.xtec.cat\/instarragona\/wp-json\/wp\/v2\/comments?post=1257"}],"version-history":[{"count":3,"href":"https:\/\/agora.xtec.cat\/instarragona\/wp-json\/wp\/v2\/posts\/1257\/revisions"}],"predecessor-version":[{"id":1263,"href":"https:\/\/agora.xtec.cat\/instarragona\/wp-json\/wp\/v2\/posts\/1257\/revisions\/1263"}],"wp:featuredmedia":[{"embeddable":true,"href":"https:\/\/agora.xtec.cat\/instarragona\/wp-json\/wp\/v2\/media\/1261"}],"wp:attachment":[{"href":"https:\/\/agora.xtec.cat\/instarragona\/wp-json\/wp\/v2\/media?parent=1257"}],"wp:term":[{"taxonomy":"category","embeddable":true,"href":"https:\/\/agora.xtec.cat\/instarragona\/wp-json\/wp\/v2\/categories?post=1257"},{"taxonomy":"post_tag","embeddable":true,"href":"https:\/\/agora.xtec.cat\/instarragona\/wp-json\/wp\/v2\/tags?post=1257"}],"curies":[{"name":"wp","href":"https:\/\/api.w.org\/{rel}","templated":true}]}}