{"id":1244,"date":"2019-09-27T10:23:42","date_gmt":"2019-09-27T08:23:42","guid":{"rendered":"http:\/\/agora.xtec.cat\/instarragona\/?p=1244"},"modified":"2020-02-26T21:55:05","modified_gmt":"2020-02-26T20:55:05","slug":"visita-del-projecte-erasmus-a-marne-alemanya","status":"publish","type":"post","link":"https:\/\/agora.xtec.cat\/instarragona\/general\/visita-del-projecte-erasmus-a-marne-alemanya\/","title":{"rendered":"Visita del Projecte Erasmus+ a Marne (Alemanya)"},"content":{"rendered":"<p>Ha estat increible! Una experi\u00e8ncia \u00fanica!<\/p>\n<p>Els alumnes de batxillerat que participen en el projecte Erasmus+ Ecotourism, han tingut l&#8217;oportunitat de con\u00e8ixer Marne i els seus voltants, una petita poblaci\u00f3 del nord d&#8217;Alemanya.<\/p>\n<p><iframe loading=\"lazy\" style=\"border: 0;\" src=\"https:\/\/www.google.com\/maps\/embed?pb=!1m18!1m12!1m3!1d130097.43281829685!2d9.145290282559479!3d53.93939924394815!2m3!1f0!2f0!3f0!3m2!1i1024!2i768!4f13.1!3m3!1m2!1s0x47b3f0c4b6cf8d33%3A0x4248963c65811a0!2s25709%20Marne%2C%20Alemania!5e0!3m2!1ses!2ses!4v1569570222158!5m2!1ses!2ses\" width=\"600\" height=\"450\" frameborder=\"0\" allowfullscreen=\"allowfullscreen\"><\/iframe><br \/>\nLa setmana ha estat fren\u00e8tica, hem conegut molt\u00edssims llocs, hem fet amics, hem conviscut en fam\u00edlies i un cop m\u00e9s l&#8217;experi\u00e8ncia ens ha perm\u00e8s valorar la import\u00e0ncia de combinar el turisme amb l&#8217;ecologia.<\/p>\n<p>Sens dubte l&#8217;entorn \u00e9s immillorable, ofereix multitud de possibilitats i la majoria d&#8217;elles reclamen a viva veu tenir cura de la natura: des de les marees a les platges de Vadden Sea National park a Friedrichskoog i Sankt Peter Ording; a les activiats al laboratori a Multimar Wattforum a Tonning on hem apr\u00e8s la import\u00e0ncia de tenir cura de l&#8217;h\u00e0bitat; tamb\u00e9 hem passejat per la fira de la col que s&#8217;hi celebrava, on hem vist que barrejar agricultura, tradici\u00f3, negoci i cultura \u00e9s possible; etc.<\/p>\n<p>Voldr\u00edem agrair molt i molt a l&#8217;equip de professorat de l&#8217;institut de Marne el gran esfor\u00e7 que de ben segur han hagut de realitzat per organitzar aquest magn\u00edfica setmana.<\/p>\n<p>Aqu\u00ed teniu el <strong><a href=\"https:\/\/drive.google.com\/open?id=1BucGQa3NBrAlyVa3en6ZTJ3DIC-n96kd\">recull de fotografies<\/a> <\/strong>del viatge i aquest enlla\u00e7 us portar\u00e0 a la <strong>web<\/strong> feta pels nostres alumnes on s&#8217;hi detalla molt m\u00e9s l&#8217;experi\u00e8ncia.<\/p>\n<p>Els treballs finals de la mobilitat els teniu aqu\u00ed mateix:<\/p>\n<table>\n<tbody>\n<tr>\n<td style=\"width: 170px;\"><a href=\"https:\/\/drive.google.com\/open?id=1oj3abySfTclSe9XYlFWpn_YXPU-GYdeG\" target=\"_blank\" rel=\"noopener noreferrer\"><img loading=\"lazy\" decoding=\"async\" class=\"aligncenter wp-image-1615 size-thumbnail\" src=\"https:\/\/agora.xtec.cat\/instarragona\/wp-content\/uploads\/usu484\/2019\/09\/Captura-2-150x150.jpg\" alt=\"\" width=\"150\" height=\"150\" \/><\/a><\/td>\n<td style=\"width: 170px;\"><a href=\"https:\/\/drive.google.com\/open?id=1edZ_gWqXPeL5XjX3M0AuHspBDhFAEaSa\" target=\"_blank\" rel=\"noopener noreferrer\"><img loading=\"lazy\" decoding=\"async\" class=\"aligncenter wp-image-1614 size-thumbnail\" src=\"https:\/\/agora.xtec.cat\/instarragona\/wp-content\/uploads\/usu484\/2019\/09\/6-150x150.jpg\" alt=\"\" width=\"150\" height=\"150\" \/><\/a><\/td>\n<td style=\"width: 170px;\"><a href=\"https:\/\/drive.google.com\/open?id=1-bSpM5gZbeSAbqBkprDAEbSjFTPFVASg\" target=\"_blank\" rel=\"noopener noreferrer\"><img loading=\"lazy\" decoding=\"async\" class=\"aligncenter wp-image-1613 size-thumbnail\" src=\"https:\/\/agora.xtec.cat\/instarragona\/wp-content\/uploads\/usu484\/2019\/09\/5-150x150.jpg\" alt=\"\" width=\"150\" height=\"150\" \/><\/a><\/td>\n<\/tr>\n<tr>\n<td style=\"width: 170px;\"><a href=\"https:\/\/drive.google.com\/open?id=1jqy7U3Qj-go_CYHov4WoM5EeTgiyFz9T\" target=\"_blank\" rel=\"noopener noreferrer\"><img loading=\"lazy\" decoding=\"async\" class=\"aligncenter wp-image-1612 size-thumbnail\" src=\"https:\/\/agora.xtec.cat\/instarragona\/wp-content\/uploads\/usu484\/2019\/09\/4-150x150.jpg\" alt=\"\" width=\"150\" height=\"150\" \/><\/a><\/td>\n<td style=\"width: 170px;\"><a href=\"https:\/\/drive.google.com\/open?id=1-r8gKfH5otcerXnT3zqf7vOZ7Z2aIFXO\" target=\"_blank\" rel=\"noopener noreferrer\"><img loading=\"lazy\" decoding=\"async\" class=\"aligncenter wp-image-1611 size-thumbnail\" src=\"https:\/\/agora.xtec.cat\/instarragona\/wp-content\/uploads\/usu484\/2019\/09\/3-150x150.jpg\" alt=\"\" width=\"150\" height=\"150\" \/><\/a><\/td>\n<td style=\"width: 170px;\"><a href=\"https:\/\/drive.google.com\/open?id=1iT--IdKJmY8K8Illqg8GTA8kwLBP7ppS\" target=\"_blank\" rel=\"noopener noreferrer\"><img loading=\"lazy\" decoding=\"async\" class=\"aligncenter wp-image-1610 size-thumbnail\" src=\"https:\/\/agora.xtec.cat\/instarragona\/wp-content\/uploads\/usu484\/2019\/09\/2-150x150.jpg\" alt=\"\" width=\"150\" height=\"150\" \/><\/a><\/td>\n<\/tr>\n<\/tbody>\n<\/table>\n<p><a href=\"https:\/\/agora.xtec.cat\/instarragona\/wp-content\/uploads\/usu484\/2019\/02\/baixa.png\"><img loading=\"lazy\" decoding=\"async\" class=\"aligncenter wp-image-1596\" src=\"https:\/\/agora.xtec.cat\/instarragona\/wp-content\/uploads\/usu484\/2019\/02\/baixa.png\" alt=\"\" width=\"381\" height=\"92\" srcset=\"https:\/\/agora.xtec.cat\/instarragona\/wp-content\/uploads\/usu484\/2019\/02\/baixa.png 456w, https:\/\/agora.xtec.cat\/instarragona\/wp-content\/uploads\/usu484\/2019\/02\/baixa-300x72.png 300w\" sizes=\"auto, (max-width: 381px) 100vw, 381px\" \/><\/a><\/p>\n","protected":false},"excerpt":{"rendered":"<p>Ha estat increible! Una experi\u00e8ncia \u00fanica!<br \/>\nEls alumnes de batxillerat que participen en el projecte Erasmus+ Ecotourism, han tingut l&#8217;oportunitat de con\u00e8ixer Marne i els seus voltants, una petita poblaci\u00f3 del nord d&#8217;Alemanya.<\/p>\n<p>La setmana ha estat fren\u00e8tica, hem conegut molt\u00edssims llocs, hem fet amics, hem conviscut&hellip;  <a href=\"https:\/\/agora.xtec.cat\/instarragona\/general\/visita-del-projecte-erasmus-a-marne-alemanya\/\" title=\"Read Visita del Projecte Erasmus+ a Marne (Alemanya)\">Llegeix m\u00e9s\u00bb<\/a><\/p>\n","protected":false},"author":1,"featured_media":1246,"comment_status":"open","ping_status":"closed","sticky":false,"template":"","format":"standard","meta":{"_bbp_topic_count":0,"_bbp_reply_count":0,"_bbp_total_topic_count":0,"_bbp_total_reply_count":0,"_bbp_voice_count":0,"_bbp_anonymous_reply_count":0,"_bbp_topic_count_hidden":0,"_bbp_reply_count_hidden":0,"_bbp_forum_subforum_count":0,"footnotes":""},"categories":[1,29],"tags":[101,99],"class_list":["post-1244","post","type-post","status-publish","format-standard","has-post-thumbnail","hentry","category-general","category-portada","tag-erasmus","tag-projectes"],"post_mailing_queue_ids":[],"_links":{"self":[{"href":"https:\/\/agora.xtec.cat\/instarragona\/wp-json\/wp\/v2\/posts\/1244","targetHints":{"allow":["GET"]}}],"collection":[{"href":"https:\/\/agora.xtec.cat\/instarragona\/wp-json\/wp\/v2\/posts"}],"about":[{"href":"https:\/\/agora.xtec.cat\/instarragona\/wp-json\/wp\/v2\/types\/post"}],"author":[{"embeddable":true,"href":"https:\/\/agora.xtec.cat\/instarragona\/wp-json\/wp\/v2\/users\/1"}],"replies":[{"embeddable":true,"href":"https:\/\/agora.xtec.cat\/instarragona\/wp-json\/wp\/v2\/comments?post=1244"}],"version-history":[{"count":3,"href":"https:\/\/agora.xtec.cat\/instarragona\/wp-json\/wp\/v2\/posts\/1244\/revisions"}],"predecessor-version":[{"id":1617,"href":"https:\/\/agora.xtec.cat\/instarragona\/wp-json\/wp\/v2\/posts\/1244\/revisions\/1617"}],"wp:featuredmedia":[{"embeddable":true,"href":"https:\/\/agora.xtec.cat\/instarragona\/wp-json\/wp\/v2\/media\/1246"}],"wp:attachment":[{"href":"https:\/\/agora.xtec.cat\/instarragona\/wp-json\/wp\/v2\/media?parent=1244"}],"wp:term":[{"taxonomy":"category","embeddable":true,"href":"https:\/\/agora.xtec.cat\/instarragona\/wp-json\/wp\/v2\/categories?post=1244"},{"taxonomy":"post_tag","embeddable":true,"href":"https:\/\/agora.xtec.cat\/instarragona\/wp-json\/wp\/v2\/tags?post=1244"}],"curies":[{"name":"wp","href":"https:\/\/api.w.org\/{rel}","templated":true}]}}