{"id":1242,"date":"2019-09-27T09:40:37","date_gmt":"2019-09-27T07:40:37","guid":{"rendered":"http:\/\/agora.xtec.cat\/instarragona\/?p=1242"},"modified":"2019-09-27T10:32:50","modified_gmt":"2019-09-27T08:32:50","slug":"dia-internacional-de-la-no-violencia-i-la-pau","status":"publish","type":"post","link":"https:\/\/agora.xtec.cat\/instarragona\/portada\/dia-internacional-de-la-no-violencia-i-la-pau\/","title":{"rendered":"Dia internacional de la no viol\u00e8ncia i la pau"},"content":{"rendered":"<p>En el dia internacional de la pau vam manifestar el comprom\u00eds de l&#8217;Institut Tarragona amb la promoci\u00f3 de l&#8217;entesa i la cordialitat entre tota la comunitat educativa. Des de les grans accions que tenen ress\u00f2 mundial, com les de la Malala Yousafzai o les m\u00e9s recents, de la Greta Thunberg, a les m\u00e9s petites, com somriure els companys o plegar un objecte de terra que li ha caigut a alg\u00fa, tot fa cam\u00ed cap a la conc\u00f2rdia entre la gent. Vam commemorar el dia amb el poema &#8220;Podries&#8221; de Joana Raspall, repejat per 2nESO D i la can\u00e7\u00f3 &#8220;Imagine&#8221; de John Lennon, a c\u00e0rrec d&#8217;alumnes de 1r d&#8217;ESO.<\/p>\n<p><a href=\"https:\/\/agora.xtec.cat\/instarragona\/wp-content\/uploads\/usu484\/2019\/09\/Captura-1.jpg\"><img loading=\"lazy\" decoding=\"async\" class=\"aligncenter size-full wp-image-1248\" src=\"https:\/\/agora.xtec.cat\/instarragona\/wp-content\/uploads\/usu484\/2019\/09\/Captura-1.jpg\" alt=\"\" width=\"888\" height=\"540\" srcset=\"https:\/\/agora.xtec.cat\/instarragona\/wp-content\/uploads\/usu484\/2019\/09\/Captura-1.jpg 888w, https:\/\/agora.xtec.cat\/instarragona\/wp-content\/uploads\/usu484\/2019\/09\/Captura-1-300x182.jpg 300w, https:\/\/agora.xtec.cat\/instarragona\/wp-content\/uploads\/usu484\/2019\/09\/Captura-1-768x467.jpg 768w\" sizes=\"auto, (max-width: 888px) 100vw, 888px\" \/><\/a><\/p>\n<p>Les activitats han estat dinamitzades des de la biblioteca del centre i el departament de m\u00fasica. Moltes gr\u00e0cies a tots aquells que hi heu participat. <a href=\"https:\/\/photos.app.goo.gl\/c4LprcR9JzyKivtS7\">Aqu\u00ed<\/a> hi trobareu les imatges.<\/p>\n<p><a href=\"https:\/\/photos.app.goo.gl\/c4LprcR9JzyKivtS7\"><img loading=\"lazy\" decoding=\"async\" class=\"aligncenter wp-image-1234 size-full\" src=\"https:\/\/agora.xtec.cat\/instarragona\/wp-content\/uploads\/usu484\/2019\/09\/IMG_20190924_185826.jpg\" alt=\"\" width=\"1022\" height=\"1369\" srcset=\"https:\/\/agora.xtec.cat\/instarragona\/wp-content\/uploads\/usu484\/2019\/09\/IMG_20190924_185826.jpg 1022w, https:\/\/agora.xtec.cat\/instarragona\/wp-content\/uploads\/usu484\/2019\/09\/IMG_20190924_185826-224x300.jpg 224w, https:\/\/agora.xtec.cat\/instarragona\/wp-content\/uploads\/usu484\/2019\/09\/IMG_20190924_185826-768x1029.jpg 768w, https:\/\/agora.xtec.cat\/instarragona\/wp-content\/uploads\/usu484\/2019\/09\/IMG_20190924_185826-764x1024.jpg 764w\" sizes=\"auto, (max-width: 1022px) 100vw, 1022px\" \/><\/a><\/p>\n","protected":false},"excerpt":{"rendered":"<p>En el dia internacional de la pau vam manifestar el comprom\u00eds de l&#8217;Institut Tarragona amb la promoci\u00f3 de l&#8217;entesa i la cordialitat entre tota la comunitat educativa. Des de les grans accions que tenen ress\u00f2 mundial, com les de la Malala Yousafzai o les m\u00e9s&hellip;  <a href=\"https:\/\/agora.xtec.cat\/instarragona\/portada\/dia-internacional-de-la-no-violencia-i-la-pau\/\" title=\"Read Dia internacional de la no viol\u00e8ncia i la pau\">Llegeix m\u00e9s\u00bb<\/a><\/p>\n","protected":false},"author":1,"featured_media":1234,"comment_status":"open","ping_status":"closed","sticky":false,"template":"","format":"standard","meta":{"_bbp_topic_count":0,"_bbp_reply_count":0,"_bbp_total_topic_count":0,"_bbp_total_reply_count":0,"_bbp_voice_count":0,"_bbp_anonymous_reply_count":0,"_bbp_topic_count_hidden":0,"_bbp_reply_count_hidden":0,"_bbp_forum_subforum_count":0,"footnotes":""},"categories":[29],"tags":[108],"class_list":["post-1242","post","type-post","status-publish","format-standard","has-post-thumbnail","hentry","category-portada","tag-activitats"],"post_mailing_queue_ids":[],"_links":{"self":[{"href":"https:\/\/agora.xtec.cat\/instarragona\/wp-json\/wp\/v2\/posts\/1242","targetHints":{"allow":["GET"]}}],"collection":[{"href":"https:\/\/agora.xtec.cat\/instarragona\/wp-json\/wp\/v2\/posts"}],"about":[{"href":"https:\/\/agora.xtec.cat\/instarragona\/wp-json\/wp\/v2\/types\/post"}],"author":[{"embeddable":true,"href":"https:\/\/agora.xtec.cat\/instarragona\/wp-json\/wp\/v2\/users\/1"}],"replies":[{"embeddable":true,"href":"https:\/\/agora.xtec.cat\/instarragona\/wp-json\/wp\/v2\/comments?post=1242"}],"version-history":[{"count":3,"href":"https:\/\/agora.xtec.cat\/instarragona\/wp-json\/wp\/v2\/posts\/1242\/revisions"}],"predecessor-version":[{"id":1250,"href":"https:\/\/agora.xtec.cat\/instarragona\/wp-json\/wp\/v2\/posts\/1242\/revisions\/1250"}],"wp:featuredmedia":[{"embeddable":true,"href":"https:\/\/agora.xtec.cat\/instarragona\/wp-json\/wp\/v2\/media\/1234"}],"wp:attachment":[{"href":"https:\/\/agora.xtec.cat\/instarragona\/wp-json\/wp\/v2\/media?parent=1242"}],"wp:term":[{"taxonomy":"category","embeddable":true,"href":"https:\/\/agora.xtec.cat\/instarragona\/wp-json\/wp\/v2\/categories?post=1242"},{"taxonomy":"post_tag","embeddable":true,"href":"https:\/\/agora.xtec.cat\/instarragona\/wp-json\/wp\/v2\/tags?post=1242"}],"curies":[{"name":"wp","href":"https:\/\/api.w.org\/{rel}","templated":true}]}}