{"id":1165,"date":"2019-06-18T10:01:24","date_gmt":"2019-06-18T08:01:24","guid":{"rendered":"http:\/\/agora.xtec.cat\/instarragona\/?p=1165"},"modified":"2019-12-10T12:48:38","modified_gmt":"2019-12-10T11:48:38","slug":"graduacio-4t-eso","status":"publish","type":"post","link":"https:\/\/agora.xtec.cat\/instarragona\/general\/graduacio-4t-eso\/","title":{"rendered":"Graduaci\u00f3 4t ESO"},"content":{"rendered":"<p>Divendres passat vam celebrar la graduaci\u00f3 dels nostres alumnes de 4t d&#8217;ESO. Va ser una jornada intensa, molt emotiva, on els alumnes van cantar, ballar, parlar i recitar. Gr\u00e0cies a tots per haver compartit aquests quatre cursos amb nosaltres. Ha estat un plaer!<\/p>\n<p>No oblideu que aix\u00f2 \u00e9s tan sols un punt i seguit, teniu per endavant el batxillerat, els cicles formatius&#8230; el m\u00f3n del saber \u00e9s un no parar! Endavant!<\/p>\n<p><strong><a href=\"https:\/\/drive.google.com\/drive\/folders\/1jv1gNplpFBQJH6aY8fEv2wfOEffmck-4?usp=sharing\">Aqu\u00ed<\/a> <\/strong>teniu el recull d&#8217;imatges.<\/p>\n<p><a href=\"https:\/\/agora.xtec.cat\/instarragona\/wp-content\/uploads\/usu484\/2019\/06\/1.png\"><img loading=\"lazy\" decoding=\"async\" class=\"aligncenter size-full wp-image-1169\" src=\"https:\/\/agora.xtec.cat\/instarragona\/wp-content\/uploads\/usu484\/2019\/06\/1.png\" alt=\"\" width=\"727\" height=\"431\" srcset=\"https:\/\/agora.xtec.cat\/instarragona\/wp-content\/uploads\/usu484\/2019\/06\/1.png 727w, https:\/\/agora.xtec.cat\/instarragona\/wp-content\/uploads\/usu484\/2019\/06\/1-300x178.png 300w\" sizes=\"auto, (max-width: 727px) 100vw, 727px\" \/><\/a><\/p>\n<p><a href=\"https:\/\/agora.xtec.cat\/instarragona\/wp-content\/uploads\/usu484\/2019\/06\/2.png\"><img loading=\"lazy\" decoding=\"async\" class=\"aligncenter size-full wp-image-1170\" src=\"https:\/\/agora.xtec.cat\/instarragona\/wp-content\/uploads\/usu484\/2019\/06\/2.png\" alt=\"\" width=\"727\" height=\"457\" srcset=\"https:\/\/agora.xtec.cat\/instarragona\/wp-content\/uploads\/usu484\/2019\/06\/2.png 727w, https:\/\/agora.xtec.cat\/instarragona\/wp-content\/uploads\/usu484\/2019\/06\/2-300x189.png 300w\" sizes=\"auto, (max-width: 727px) 100vw, 727px\" \/><\/a><\/p>\n<p><a href=\"https:\/\/agora.xtec.cat\/instarragona\/wp-content\/uploads\/usu484\/2019\/06\/3.png\"><img loading=\"lazy\" decoding=\"async\" class=\"aligncenter size-full wp-image-1171\" src=\"https:\/\/agora.xtec.cat\/instarragona\/wp-content\/uploads\/usu484\/2019\/06\/3.png\" alt=\"\" width=\"722\" height=\"434\" srcset=\"https:\/\/agora.xtec.cat\/instarragona\/wp-content\/uploads\/usu484\/2019\/06\/3.png 722w, https:\/\/agora.xtec.cat\/instarragona\/wp-content\/uploads\/usu484\/2019\/06\/3-300x180.png 300w\" sizes=\"auto, (max-width: 722px) 100vw, 722px\" \/><\/a><\/p>\n<p>&nbsp;<\/p>\n","protected":false},"excerpt":{"rendered":"<p>Divendres passat vam celebrar la graduaci\u00f3 dels nostres alumnes de 4t d&#8217;ESO. Va ser una jornada intensa, molt emotiva, on els alumnes van cantar, ballar, parlar i recitar. Gr\u00e0cies a tots per haver compartit aquests quatre cursos amb nosaltres. Ha estat un plaer!<br \/>\nNo oblideu que&hellip;  <a href=\"https:\/\/agora.xtec.cat\/instarragona\/general\/graduacio-4t-eso\/\" title=\"Read Graduaci\u00f3 4t ESO\">Llegeix m\u00e9s\u00bb<\/a><\/p>\n","protected":false},"author":1,"featured_media":1167,"comment_status":"open","ping_status":"closed","sticky":false,"template":"","format":"standard","meta":{"_bbp_topic_count":0,"_bbp_reply_count":0,"_bbp_total_topic_count":0,"_bbp_total_reply_count":0,"_bbp_voice_count":0,"_bbp_anonymous_reply_count":0,"_bbp_topic_count_hidden":0,"_bbp_reply_count_hidden":0,"_bbp_forum_subforum_count":0,"footnotes":""},"categories":[3,7,1,29],"tags":[97,115],"class_list":["post-1165","post","type-post","status-publish","format-standard","has-post-thumbnail","hentry","category-eso","category-eso-4","category-general","category-portada","tag-festes-i-activitats","tag-graduacio"],"post_mailing_queue_ids":[],"_links":{"self":[{"href":"https:\/\/agora.xtec.cat\/instarragona\/wp-json\/wp\/v2\/posts\/1165","targetHints":{"allow":["GET"]}}],"collection":[{"href":"https:\/\/agora.xtec.cat\/instarragona\/wp-json\/wp\/v2\/posts"}],"about":[{"href":"https:\/\/agora.xtec.cat\/instarragona\/wp-json\/wp\/v2\/types\/post"}],"author":[{"embeddable":true,"href":"https:\/\/agora.xtec.cat\/instarragona\/wp-json\/wp\/v2\/users\/1"}],"replies":[{"embeddable":true,"href":"https:\/\/agora.xtec.cat\/instarragona\/wp-json\/wp\/v2\/comments?post=1165"}],"version-history":[{"count":4,"href":"https:\/\/agora.xtec.cat\/instarragona\/wp-json\/wp\/v2\/posts\/1165\/revisions"}],"predecessor-version":[{"id":1272,"href":"https:\/\/agora.xtec.cat\/instarragona\/wp-json\/wp\/v2\/posts\/1165\/revisions\/1272"}],"wp:featuredmedia":[{"embeddable":true,"href":"https:\/\/agora.xtec.cat\/instarragona\/wp-json\/wp\/v2\/media\/1167"}],"wp:attachment":[{"href":"https:\/\/agora.xtec.cat\/instarragona\/wp-json\/wp\/v2\/media?parent=1165"}],"wp:term":[{"taxonomy":"category","embeddable":true,"href":"https:\/\/agora.xtec.cat\/instarragona\/wp-json\/wp\/v2\/categories?post=1165"},{"taxonomy":"post_tag","embeddable":true,"href":"https:\/\/agora.xtec.cat\/instarragona\/wp-json\/wp\/v2\/tags?post=1165"}],"curies":[{"name":"wp","href":"https:\/\/api.w.org\/{rel}","templated":true}]}}