{"id":1156,"date":"2019-06-18T09:45:31","date_gmt":"2019-06-18T07:45:31","guid":{"rendered":"http:\/\/agora.xtec.cat\/instarragona\/?p=1156"},"modified":"2019-12-10T12:48:49","modified_gmt":"2019-12-10T11:48:49","slug":"apadrinem-10-ximpanzes","status":"publish","type":"post","link":"https:\/\/agora.xtec.cat\/instarragona\/portada\/apadrinem-10-ximpanzes\/","title":{"rendered":"Apadrinem 10 ximpanz\u00e9s!"},"content":{"rendered":"<p>La Pilar, la professora de religi\u00f3 ens va fer arribar la seg\u00fcent not\u00edcia:<\/p>\n<p>&#8220;Us volia comunicar\u00a0 que la recollida de m\u00f2bils ha estat tot un \u00e8xit, hem recollit m\u00e9s de 300 m\u00f2bils, per tant aviat apadrinarem 10 ximpanz\u00e9s. Els m\u00f2bils ja fa gaireb\u00e9 un mes que s&#8217;han enviat i l&#8217;<a href=\"https:\/\/www.janegoodallsenegal.org\/\">Institut Jane Goodall<\/a> s&#8217;ha posat en contacte indicant-nos que s&#8217;estan fent les comprovacions pels tr\u00e0mits de l&#8217;apadrinament.<\/p>\n<p>Gr\u00e0cies a tots per fer-ho possible!&#8221;<\/p>\n<div><\/div>\n<div><a href=\"https:\/\/www.janegoodallsenegal.org\/\"><img loading=\"lazy\" decoding=\"async\" src=\"https:\/\/agora.xtec.cat\/instarragona\/wp-content\/uploads\/usu484\/2019\/06\/Captura-1.png\" alt=\"\" width=\"1876\" height=\"449\" \/><\/a><\/div>\n<div><\/div>\n<p>&nbsp;<\/p>\n<p>Aviat rebrem m\u00e9s not\u00edcies i us posarem al dia del programa.<\/p>\n<p>Aqu\u00ed teniu un v\u00eddeo informatiu sobre l&#8217;institut Jane Googall:<\/p>\n<div><\/div>\n<p><iframe loading=\"lazy\" src=\"https:\/\/www.youtube.com\/embed\/GNduyikLsig\" width=\"560\" height=\"315\" frameborder=\"0\" allowfullscreen=\"allowfullscreen\"><\/iframe><\/p>\n","protected":false},"excerpt":{"rendered":"<p>La Pilar, la professora de religi\u00f3 ens va fer arribar la seg\u00fcent not\u00edcia:<br \/>\n&#8220;Us volia comunicar\u00a0 que la recollida de m\u00f2bils ha estat tot un \u00e8xit, hem recollit m\u00e9s de 300 m\u00f2bils, per tant aviat apadrinarem 10 ximpanz\u00e9s. Els m\u00f2bils ja fa gaireb\u00e9 un mes que&hellip;  <a href=\"https:\/\/agora.xtec.cat\/instarragona\/portada\/apadrinem-10-ximpanzes\/\" title=\"Read Apadrinem 10 ximpanz\u00e9s!\">Llegeix m\u00e9s\u00bb<\/a><\/p>\n","protected":false},"author":1,"featured_media":1159,"comment_status":"open","ping_status":"closed","sticky":false,"template":"","format":"standard","meta":{"_bbp_topic_count":0,"_bbp_reply_count":0,"_bbp_total_topic_count":0,"_bbp_total_reply_count":0,"_bbp_voice_count":0,"_bbp_anonymous_reply_count":0,"_bbp_topic_count_hidden":0,"_bbp_reply_count_hidden":0,"_bbp_forum_subforum_count":0,"footnotes":""},"categories":[29,100],"tags":[99],"class_list":["post-1156","post","type-post","status-publish","format-standard","has-post-thumbnail","hentry","category-portada","category-projectes","tag-projectes"],"post_mailing_queue_ids":[],"_links":{"self":[{"href":"https:\/\/agora.xtec.cat\/instarragona\/wp-json\/wp\/v2\/posts\/1156","targetHints":{"allow":["GET"]}}],"collection":[{"href":"https:\/\/agora.xtec.cat\/instarragona\/wp-json\/wp\/v2\/posts"}],"about":[{"href":"https:\/\/agora.xtec.cat\/instarragona\/wp-json\/wp\/v2\/types\/post"}],"author":[{"embeddable":true,"href":"https:\/\/agora.xtec.cat\/instarragona\/wp-json\/wp\/v2\/users\/1"}],"replies":[{"embeddable":true,"href":"https:\/\/agora.xtec.cat\/instarragona\/wp-json\/wp\/v2\/comments?post=1156"}],"version-history":[{"count":3,"href":"https:\/\/agora.xtec.cat\/instarragona\/wp-json\/wp\/v2\/posts\/1156\/revisions"}],"predecessor-version":[{"id":1181,"href":"https:\/\/agora.xtec.cat\/instarragona\/wp-json\/wp\/v2\/posts\/1156\/revisions\/1181"}],"wp:featuredmedia":[{"embeddable":true,"href":"https:\/\/agora.xtec.cat\/instarragona\/wp-json\/wp\/v2\/media\/1159"}],"wp:attachment":[{"href":"https:\/\/agora.xtec.cat\/instarragona\/wp-json\/wp\/v2\/media?parent=1156"}],"wp:term":[{"taxonomy":"category","embeddable":true,"href":"https:\/\/agora.xtec.cat\/instarragona\/wp-json\/wp\/v2\/categories?post=1156"},{"taxonomy":"post_tag","embeddable":true,"href":"https:\/\/agora.xtec.cat\/instarragona\/wp-json\/wp\/v2\/tags?post=1156"}],"curies":[{"name":"wp","href":"https:\/\/api.w.org\/{rel}","templated":true}]}}