{"id":1152,"date":"2019-06-18T09:34:33","date_gmt":"2019-06-18T07:34:33","guid":{"rendered":"http:\/\/agora.xtec.cat\/instarragona\/?p=1152"},"modified":"2019-12-10T12:50:31","modified_gmt":"2019-12-10T11:50:31","slug":"graduacio-batxillerat","status":"publish","type":"post","link":"https:\/\/agora.xtec.cat\/instarragona\/batxillerat\/graduacio-batxillerat\/","title":{"rendered":"Graduaci\u00f3 Batxillerat"},"content":{"rendered":"<p>El curs s&#8217;acaba i per alguns dels nostres alumnes \u00e9s un moment molt especial.<\/p>\n<p>Entre el tr\u00e0fec dels ex\u00e0mens finals i l&#8217;engoixa de la selectivitat encara ha quedat temps per celebrar amb molt\u00edssima alegria la graduaci\u00f3 del batxillerat i, per tant, la fi dels estudis a l&#8217;institut Tarragona. Han estat sis anys de viv\u00e8ncies, plens de records, amistats, molt d&#8217;esfor\u00e7&#8230;<\/p>\n<p>Ara mateix tots vosaltres teniu al vostre davant un nou somni, des de l&#8217;institut us desitgem que enceteu aquest nou repte amb molt\u00edssima il\u00b7lusi\u00f3!<\/p>\n<p><a href=\"https:\/\/agora.xtec.cat\/instarragona\/wp-content\/uploads\/usu484\/2019\/06\/Captura.png\"><img loading=\"lazy\" decoding=\"async\" class=\"aligncenter size-full wp-image-1153\" src=\"https:\/\/agora.xtec.cat\/instarragona\/wp-content\/uploads\/usu484\/2019\/06\/Captura.png\" alt=\"\" width=\"736\" height=\"392\" srcset=\"https:\/\/agora.xtec.cat\/instarragona\/wp-content\/uploads\/usu484\/2019\/06\/Captura.png 736w, https:\/\/agora.xtec.cat\/instarragona\/wp-content\/uploads\/usu484\/2019\/06\/Captura-300x160.png 300w\" sizes=\"auto, (max-width: 736px) 100vw, 736px\" \/><\/a><\/p>\n<p><a href=\"https:\/\/drive.google.com\/open?id=1eesuq0LedY_wAJ8f4Jw8en2mGDO9JUuR\"><strong>Cliqueu<\/strong> <\/a>damunt d&#8217;aquest enlla\u00e7 si desitges veure tot l&#8217;\u00e0lbum de fotografies.<\/p>\n<p>&nbsp;<\/p>\n<p>&nbsp;<\/p>\n","protected":false},"excerpt":{"rendered":"<p>El curs s&#8217;acaba i per alguns dels nostres alumnes \u00e9s un moment molt especial.<br \/>\nEntre el tr\u00e0fec dels ex\u00e0mens finals i l&#8217;engoixa de la selectivitat encara ha quedat temps per celebrar amb molt\u00edssima alegria la graduaci\u00f3 del batxillerat i, per tant, la fi dels estudis a&hellip;  <a href=\"https:\/\/agora.xtec.cat\/instarragona\/batxillerat\/graduacio-batxillerat\/\" title=\"Read Graduaci\u00f3 Batxillerat\">Llegeix m\u00e9s\u00bb<\/a><\/p>\n","protected":false},"author":1,"featured_media":1153,"comment_status":"open","ping_status":"closed","sticky":false,"template":"","format":"standard","meta":{"_bbp_topic_count":0,"_bbp_reply_count":0,"_bbp_total_topic_count":0,"_bbp_total_reply_count":0,"_bbp_voice_count":0,"_bbp_anonymous_reply_count":0,"_bbp_topic_count_hidden":0,"_bbp_reply_count_hidden":0,"_bbp_forum_subforum_count":0,"footnotes":""},"categories":[8,29],"tags":[115],"class_list":["post-1152","post","type-post","status-publish","format-standard","has-post-thumbnail","hentry","category-batxillerat","category-portada","tag-graduacio"],"post_mailing_queue_ids":[],"_links":{"self":[{"href":"https:\/\/agora.xtec.cat\/instarragona\/wp-json\/wp\/v2\/posts\/1152","targetHints":{"allow":["GET"]}}],"collection":[{"href":"https:\/\/agora.xtec.cat\/instarragona\/wp-json\/wp\/v2\/posts"}],"about":[{"href":"https:\/\/agora.xtec.cat\/instarragona\/wp-json\/wp\/v2\/types\/post"}],"author":[{"embeddable":true,"href":"https:\/\/agora.xtec.cat\/instarragona\/wp-json\/wp\/v2\/users\/1"}],"replies":[{"embeddable":true,"href":"https:\/\/agora.xtec.cat\/instarragona\/wp-json\/wp\/v2\/comments?post=1152"}],"version-history":[{"count":2,"href":"https:\/\/agora.xtec.cat\/instarragona\/wp-json\/wp\/v2\/posts\/1152\/revisions"}],"predecessor-version":[{"id":1155,"href":"https:\/\/agora.xtec.cat\/instarragona\/wp-json\/wp\/v2\/posts\/1152\/revisions\/1155"}],"wp:featuredmedia":[{"embeddable":true,"href":"https:\/\/agora.xtec.cat\/instarragona\/wp-json\/wp\/v2\/media\/1153"}],"wp:attachment":[{"href":"https:\/\/agora.xtec.cat\/instarragona\/wp-json\/wp\/v2\/media?parent=1152"}],"wp:term":[{"taxonomy":"category","embeddable":true,"href":"https:\/\/agora.xtec.cat\/instarragona\/wp-json\/wp\/v2\/categories?post=1152"},{"taxonomy":"post_tag","embeddable":true,"href":"https:\/\/agora.xtec.cat\/instarragona\/wp-json\/wp\/v2\/tags?post=1152"}],"curies":[{"name":"wp","href":"https:\/\/api.w.org\/{rel}","templated":true}]}}