{"id":1107,"date":"2019-05-13T18:59:38","date_gmt":"2019-05-13T16:59:38","guid":{"rendered":"http:\/\/agora.xtec.cat\/instarragona\/?p=1107"},"modified":"2020-02-26T21:58:49","modified_gmt":"2020-02-26T20:58:49","slug":"ecotourism-erasmus-2a-mobilitat-marxem-a-franca","status":"publish","type":"post","link":"https:\/\/agora.xtec.cat\/instarragona\/batxillerat\/ecotourism-erasmus-2a-mobilitat-marxem-a-franca\/","title":{"rendered":"Ecotourism Erasmus+. Marxem a Fran\u00e7a!"},"content":{"rendered":"<p>Ja hem tornat de l&#8217;\u00faltima experi\u00e8ncia d&#8217;Erasmus+ a Fran\u00e7a, a la fant\u00e0stica Bretanya. Els nostres alumnes s&#8217;han allotjat amb fam\u00edlies del bonic poble de Saint Pol de L\u00e9on.<\/p>\n<p>El nostre projecte est\u00e0 enfocat a millorar el turisme a nivell ambiental i tamb\u00e9 en formem part instituts de Portugal, Fran\u00e7a, Eslov\u00e8nia i Alemanya. Guaiteu quina colla!<\/p>\n<p><a href=\"https:\/\/agora.xtec.cat\/instarragona\/wp-content\/uploads\/usu484\/2019\/05\/IMG_20190510_151551-1.jpg\"><img loading=\"lazy\" decoding=\"async\" class=\"aligncenter wp-image-1112\" src=\"https:\/\/agora.xtec.cat\/instarragona\/wp-content\/uploads\/usu484\/2019\/05\/IMG_20190510_151551-1.jpg\" alt=\"\" width=\"704\" height=\"528\" srcset=\"https:\/\/agora.xtec.cat\/instarragona\/wp-content\/uploads\/usu484\/2019\/05\/IMG_20190510_151551-1.jpg 1600w, https:\/\/agora.xtec.cat\/instarragona\/wp-content\/uploads\/usu484\/2019\/05\/IMG_20190510_151551-1-300x225.jpg 300w, https:\/\/agora.xtec.cat\/instarragona\/wp-content\/uploads\/usu484\/2019\/05\/IMG_20190510_151551-1-768x576.jpg 768w, https:\/\/agora.xtec.cat\/instarragona\/wp-content\/uploads\/usu484\/2019\/05\/IMG_20190510_151551-1-1024x768.jpg 1024w, https:\/\/agora.xtec.cat\/instarragona\/wp-content\/uploads\/usu484\/2019\/05\/IMG_20190510_151551-1-200x150.jpg 200w\" sizes=\"auto, (max-width: 704px) 100vw, 704px\" \/><\/a><\/p>\n<p>Just arribar, despr\u00e9s del primer contacte a l&#8217;escola francesa de Notre-Dame-Du-Kreisker i al parc de tirolines amb els jocs de coneixen\u00e7a, vam presentar el disseny del nostre allotjament ecotur\u00edstic. Quins nervis! Despr\u00e9s de tot un trimestre de molta feina va arribar el moment.<\/p>\n<p>La visita a Algoplus tamb\u00e9 ens va agradar molt. Aquesta empresa es dedica a la recol\u00b7lecci\u00f3 d&#8217;algues i a la producci\u00f3 de derivats cosm\u00e8tics i aliments.<\/p>\n<p>Tamb\u00e9 hem tingut la sort de con\u00e8ixer l&#8217;espai natural protegit de les dunes de Keremma tot i jugant a la cerca del tresor, ben dif\u00edcil de trobar, per cert.<\/p>\n<p>Hem visitat l&#8217;Ocean\u00f2polis de Brest, que disposa d&#8217;unes instal.lacions magn\u00edfiques. Hem pogut observar la diversitat mar\u00edtima de la zona, hem pres consci\u00e8ncia <a href=\"https:\/\/agora.xtec.cat\/instarragona\/wp-content\/uploads\/usu484\/2019\/05\/IMG_20190509_103508.jpg\"><img loading=\"lazy\" decoding=\"async\" class=\" wp-image-1111 alignright\" src=\"https:\/\/agora.xtec.cat\/instarragona\/wp-content\/uploads\/usu484\/2019\/05\/IMG_20190509_103508.jpg\" alt=\"\" width=\"486\" height=\"365\" srcset=\"https:\/\/agora.xtec.cat\/instarragona\/wp-content\/uploads\/usu484\/2019\/05\/IMG_20190509_103508.jpg 1600w, https:\/\/agora.xtec.cat\/instarragona\/wp-content\/uploads\/usu484\/2019\/05\/IMG_20190509_103508-300x225.jpg 300w, https:\/\/agora.xtec.cat\/instarragona\/wp-content\/uploads\/usu484\/2019\/05\/IMG_20190509_103508-768x576.jpg 768w, https:\/\/agora.xtec.cat\/instarragona\/wp-content\/uploads\/usu484\/2019\/05\/IMG_20190509_103508-1024x768.jpg 1024w, https:\/\/agora.xtec.cat\/instarragona\/wp-content\/uploads\/usu484\/2019\/05\/IMG_20190509_103508-200x150.jpg 200w\" sizes=\"auto, (max-width: 486px) 100vw, 486px\" \/><\/a>de la import\u00e0ncia de la seva preservaci\u00f3 i a m\u00e9s a m\u00e9s el guia ens va explicar quines s\u00f3n les diferents accions que s&#8217;hi duen a terme.<\/p>\n<p>La setmana se&#8217;ns va fer curta! L&#8217;\u00faltim dia el vam aprofitar realitzant la visita al Chateau du Taureau i a m\u00e9s a m\u00e9s vam tenir l&#8217;oportunitat de participar en un parell de confer\u00e8ncies sobre diverses activitats ecotur\u00edstiques a la Bretanya.<\/p>\n<p>Podeu fer una ullada a totes les <span style=\"color: #008000;\"><strong>fotos de la visita<\/strong> <\/span>en aquest mateix <strong><a href=\"https:\/\/drive.google.com\/open?id=1xSn3qSGVI9rb9cZIGUuom5pd86DrQu0r\">enlla\u00e7<\/a>. <\/strong>I en aquest clic hi trobareu la <strong><a href=\"https:\/\/sites.google.com\/view\/ecotourism-instarragona\/france\">web<\/a> <\/strong>que han realitzat les nostres alumnes amb tota la informaci\u00f3 detallada.<\/p>\n<p>Finalment&#8230; <span style=\"color: #008000;\"><strong>la revista final<\/strong>!<\/span><\/p>\n<p><iframe loading=\"lazy\" src=\"https:\/\/madmagz.com\/fr\/magazine\/embed\/1626302?layout=1\" width=\"400\" height=\"565\" frameborder=\"0\" scrolling=\"no\" allowfullscreen=\"allowfullscreen\"><\/iframe><\/p>\n<p>Us recordem que aquest projecte s&#8217;ha pogut realitzar gr\u00e0cies a la Uni\u00f3 Europea.<\/p>\n<p><a href=\"https:\/\/agora.xtec.cat\/instarragona\/wp-content\/uploads\/usu484\/2019\/05\/logo_tekstiga.jpg\"><img loading=\"lazy\" decoding=\"async\" class=\"aligncenter wp-image-1110\" src=\"https:\/\/agora.xtec.cat\/instarragona\/wp-content\/uploads\/usu484\/2019\/05\/logo_tekstiga.jpg\" alt=\"\" width=\"528\" height=\"151\" srcset=\"https:\/\/agora.xtec.cat\/instarragona\/wp-content\/uploads\/usu484\/2019\/05\/logo_tekstiga.jpg 1964w, https:\/\/agora.xtec.cat\/instarragona\/wp-content\/uploads\/usu484\/2019\/05\/logo_tekstiga-300x86.jpg 300w, https:\/\/agora.xtec.cat\/instarragona\/wp-content\/uploads\/usu484\/2019\/05\/logo_tekstiga-768x219.jpg 768w, https:\/\/agora.xtec.cat\/instarragona\/wp-content\/uploads\/usu484\/2019\/05\/logo_tekstiga-1024x292.jpg 1024w\" sizes=\"auto, (max-width: 528px) 100vw, 528px\" \/><\/a><\/p>\n","protected":false},"excerpt":{"rendered":"<p>Ja hem tornat de l&#8217;\u00faltima experi\u00e8ncia d&#8217;Erasmus+ a Fran\u00e7a, a la fant\u00e0stica Bretanya. Els nostres alumnes s&#8217;han allotjat amb fam\u00edlies del bonic poble de Saint Pol de L\u00e9on.<br \/>\nEl nostre projecte est\u00e0 enfocat a millorar el turisme a nivell ambiental i tamb\u00e9 en formem part instituts&hellip;  <a href=\"https:\/\/agora.xtec.cat\/instarragona\/batxillerat\/ecotourism-erasmus-2a-mobilitat-marxem-a-franca\/\" title=\"Read Ecotourism Erasmus+. Marxem a Fran\u00e7a!\">Llegeix m\u00e9s\u00bb<\/a><\/p>\n","protected":false},"author":1,"featured_media":1109,"comment_status":"open","ping_status":"closed","sticky":false,"template":"","format":"standard","meta":{"_bbp_topic_count":0,"_bbp_reply_count":0,"_bbp_total_topic_count":0,"_bbp_total_reply_count":0,"_bbp_voice_count":0,"_bbp_anonymous_reply_count":0,"_bbp_topic_count_hidden":0,"_bbp_reply_count_hidden":0,"_bbp_forum_subforum_count":0,"footnotes":""},"categories":[8,29],"tags":[101,99],"class_list":["post-1107","post","type-post","status-publish","format-standard","has-post-thumbnail","hentry","category-batxillerat","category-portada","tag-erasmus","tag-projectes"],"post_mailing_queue_ids":[],"_links":{"self":[{"href":"https:\/\/agora.xtec.cat\/instarragona\/wp-json\/wp\/v2\/posts\/1107","targetHints":{"allow":["GET"]}}],"collection":[{"href":"https:\/\/agora.xtec.cat\/instarragona\/wp-json\/wp\/v2\/posts"}],"about":[{"href":"https:\/\/agora.xtec.cat\/instarragona\/wp-json\/wp\/v2\/types\/post"}],"author":[{"embeddable":true,"href":"https:\/\/agora.xtec.cat\/instarragona\/wp-json\/wp\/v2\/users\/1"}],"replies":[{"embeddable":true,"href":"https:\/\/agora.xtec.cat\/instarragona\/wp-json\/wp\/v2\/comments?post=1107"}],"version-history":[{"count":4,"href":"https:\/\/agora.xtec.cat\/instarragona\/wp-json\/wp\/v2\/posts\/1107\/revisions"}],"predecessor-version":[{"id":1618,"href":"https:\/\/agora.xtec.cat\/instarragona\/wp-json\/wp\/v2\/posts\/1107\/revisions\/1618"}],"wp:featuredmedia":[{"embeddable":true,"href":"https:\/\/agora.xtec.cat\/instarragona\/wp-json\/wp\/v2\/media\/1109"}],"wp:attachment":[{"href":"https:\/\/agora.xtec.cat\/instarragona\/wp-json\/wp\/v2\/media?parent=1107"}],"wp:term":[{"taxonomy":"category","embeddable":true,"href":"https:\/\/agora.xtec.cat\/instarragona\/wp-json\/wp\/v2\/categories?post=1107"},{"taxonomy":"post_tag","embeddable":true,"href":"https:\/\/agora.xtec.cat\/instarragona\/wp-json\/wp\/v2\/tags?post=1107"}],"curies":[{"name":"wp","href":"https:\/\/api.w.org\/{rel}","templated":true}]}}