{"id":1074,"date":"2019-04-26T08:41:15","date_gmt":"2019-04-26T06:41:15","guid":{"rendered":"http:\/\/agora.xtec.cat\/instarragona\/?p=1074"},"modified":"2019-12-10T12:52:16","modified_gmt":"2019-12-10T11:52:16","slug":"parlem-damor","status":"publish","type":"post","link":"https:\/\/agora.xtec.cat\/instarragona\/eso\/eso-4\/parlem-damor\/","title":{"rendered":"Parlem d&#8217;amor."},"content":{"rendered":"<p>Aquesta setmana la pedagoga i escriptora <a href=\"https:\/\/www.evabach.cat\/\">Eva Bach<\/a> ha realitzat la xerrada <span style=\"color: #003300;\"><strong>&#8220;Com teixir unes relacions de parelles saludables&#8221;<\/strong> <\/span>als alumnes de 4t d&#8217;ESO.<br \/>\nSovint els nostres joves disposen d&#8217;una \u00e0mplia informaci\u00f3, <span style=\"display: inline !important; float: none; background-color: #ffffff; color: #222222; cursor: text; direction: ltr; font-family: 'Helvetica Neue','Helvetica',Helvetica,Arial,sans-serif; font-size: 16px; font-style: normal; font-variant: normal; font-weight: 400; letter-spacing: normal; orphans: 2; text-align: left; text-decoration: none; text-indent: 0px; text-transform: none; -webkit-text-stroke-width: 0px; white-space: normal; word-spacing: 0px;\">m\u00e9s o menys encertada, <\/span> sobre educaci\u00f3 sexual, ara b\u00e9, com aquesta informaci\u00f3 es combina amb la nostra part m\u00e9s emocional ja genera m\u00e9s confusi\u00f3.<\/p>\n<p>L&#8217;Eva ens va parlar d&#8217;Ovidi, qui deia que en l&#8217;amor tots estem aprenent, i que, tot i aix\u00ed, val la pena c\u00f3rrer el risc d&#8217;enamorar-nos (Jaume Funes) establint unes bones bases <span style=\"display: inline !important; float: none; background-color: #ffffff; color: #222222; cursor: text; direction: ltr; font-family: 'Helvetica Neue','Helvetica',Helvetica,Arial,sans-serif; font-size: 16px; font-style: normal; font-variant: normal; font-weight: 400; letter-spacing: normal; orphans: 2; text-align: left; text-decoration: none; text-indent: 0px; text-transform: none; -webkit-text-stroke-width: 0px; white-space: normal; word-spacing: 0px;\">per construir una relaci\u00f3 sana. En l&#8217;art de l&#8217;amor, potser ens enamorem, potser decidirem que ens elegim, potser tamb\u00e9 ens comprometarem a un projecte conjunt, ens entregarem per fer-ho possible i a vegades, perqu\u00e8 tamb\u00e9 passa, ens acomiadarem.\u00a0<\/span><\/p>\n<p>Parlar de parelles ideals ens ha resultat dif\u00edcil. Trobem paraules ? Qu\u00e8 podem oferir a la nostra parella?<br \/>\nSegurament la clau de tot plegat est\u00e0 en un mateix i ens ha quedat clar: la parella ens ha fer ser i estar millor!<\/p>\n<p><a href=\"https:\/\/agora.xtec.cat\/instarragona\/wp-content\/uploads\/usu484\/2019\/04\/IMG_20190424_125841.jpg\"><img loading=\"lazy\" decoding=\"async\" class=\" wp-image-1076\" src=\"https:\/\/agora.xtec.cat\/instarragona\/wp-content\/uploads\/usu484\/2019\/04\/IMG_20190424_125841.jpg\" alt=\"\" width=\"195\" height=\"252\" srcset=\"https:\/\/agora.xtec.cat\/instarragona\/wp-content\/uploads\/usu484\/2019\/04\/IMG_20190424_125841.jpg 1238w, https:\/\/agora.xtec.cat\/instarragona\/wp-content\/uploads\/usu484\/2019\/04\/IMG_20190424_125841-232x300.jpg 232w, https:\/\/agora.xtec.cat\/instarragona\/wp-content\/uploads\/usu484\/2019\/04\/IMG_20190424_125841-768x993.jpg 768w, https:\/\/agora.xtec.cat\/instarragona\/wp-content\/uploads\/usu484\/2019\/04\/IMG_20190424_125841-792x1024.jpg 792w\" sizes=\"auto, (max-width: 195px) 100vw, 195px\" \/><\/a><\/p>\n<p>Alguna <a href=\"https:\/\/photos.app.goo.gl\/yfr7tLKdPHh7tgjG7\">fotografia<\/a> m\u00e9s.<\/p>\n","protected":false},"excerpt":{"rendered":"<p>Aquesta setmana la pedagoga i escriptora <a href=\"https:\/\/www.evabach.cat\/\">Eva Bach<\/a> ha realitzat la xerrada &#8220;Com teixir unes relacions de parelles saludables&#8221; als alumnes de 4t d&#8217;ESO.<br \/>\nSovint els nostres joves disposen d&#8217;una \u00e0mplia informaci\u00f3, m\u00e9s o menys encertada,  sobre educaci\u00f3 sexual, ara b\u00e9, com aquesta informaci\u00f3&hellip;  <a href=\"https:\/\/agora.xtec.cat\/instarragona\/eso\/eso-4\/parlem-damor\/\" title=\"Read Parlem d&#8217;amor.\">Llegeix m\u00e9s\u00bb<\/a><\/p>\n","protected":false},"author":1,"featured_media":1075,"comment_status":"open","ping_status":"closed","sticky":false,"template":"","format":"standard","meta":{"_bbp_topic_count":0,"_bbp_reply_count":0,"_bbp_total_topic_count":0,"_bbp_total_reply_count":0,"_bbp_voice_count":0,"_bbp_anonymous_reply_count":0,"_bbp_topic_count_hidden":0,"_bbp_reply_count_hidden":0,"_bbp_forum_subforum_count":0,"footnotes":""},"categories":[7,29],"tags":[44],"class_list":["post-1074","post","type-post","status-publish","format-standard","has-post-thumbnail","hentry","category-eso-4","category-portada","tag-xerrades"],"post_mailing_queue_ids":[],"_links":{"self":[{"href":"https:\/\/agora.xtec.cat\/instarragona\/wp-json\/wp\/v2\/posts\/1074","targetHints":{"allow":["GET"]}}],"collection":[{"href":"https:\/\/agora.xtec.cat\/instarragona\/wp-json\/wp\/v2\/posts"}],"about":[{"href":"https:\/\/agora.xtec.cat\/instarragona\/wp-json\/wp\/v2\/types\/post"}],"author":[{"embeddable":true,"href":"https:\/\/agora.xtec.cat\/instarragona\/wp-json\/wp\/v2\/users\/1"}],"replies":[{"embeddable":true,"href":"https:\/\/agora.xtec.cat\/instarragona\/wp-json\/wp\/v2\/comments?post=1074"}],"version-history":[{"count":2,"href":"https:\/\/agora.xtec.cat\/instarragona\/wp-json\/wp\/v2\/posts\/1074\/revisions"}],"predecessor-version":[{"id":1079,"href":"https:\/\/agora.xtec.cat\/instarragona\/wp-json\/wp\/v2\/posts\/1074\/revisions\/1079"}],"wp:featuredmedia":[{"embeddable":true,"href":"https:\/\/agora.xtec.cat\/instarragona\/wp-json\/wp\/v2\/media\/1075"}],"wp:attachment":[{"href":"https:\/\/agora.xtec.cat\/instarragona\/wp-json\/wp\/v2\/media?parent=1074"}],"wp:term":[{"taxonomy":"category","embeddable":true,"href":"https:\/\/agora.xtec.cat\/instarragona\/wp-json\/wp\/v2\/categories?post=1074"},{"taxonomy":"post_tag","embeddable":true,"href":"https:\/\/agora.xtec.cat\/instarragona\/wp-json\/wp\/v2\/tags?post=1074"}],"curies":[{"name":"wp","href":"https:\/\/api.w.org\/{rel}","templated":true}]}}